{"id":137546,"date":"2023-09-15T18:30:23","date_gmt":"2023-09-15T21:30:23","guid":{"rendered":"https:\/\/centraldeportes.com.ar\/?p=41854"},"modified":"2025-02-12T00:02:37","modified_gmt":"2025-02-12T03:02:37","slug":"paloma-routaboul-fue-distinguida-por-el-honorable-concejo-deliberante","status":"publish","type":"post","link":"https:\/\/cdnoticias.com\/index.php\/2023\/09\/15\/paloma-routaboul-fue-distinguida-por-el-honorable-concejo-deliberante\/","title":{"rendered":"Paloma Routaboul fue distinguida por el Honorable Concejo Deliberante"},"content":{"rendered":"<p>Fue en el marco de la 12\u00b0 sesi\u00f3n ordinaria del per\u00edodo legislativo. Adem\u00e1s, el Gran Premio de Baquets tuvo una menci\u00f3n especial.<!--more--><\/p>\n<hr \/>\n<p>El pasado jueves, por duod\u00e9cima vez en el a\u00f1o, <a href=\"https:\/\/www.centraldenoticias.com.ar\/index.php\/2023\/09\/14\/hcd-varios-cruces-entre-oficialismo-y-oposicion-en-el-ultimo-tramo-de-la-sesion\/\">sesion\u00f3<\/a> el <strong>Honorable Concejo Deliberante<\/strong> de Olavarr\u00eda, donde adem\u00e1s de abordar diferentes proyectos de tratamiento hubo menciones especiales vinculadas a lo deportivo.<\/p>\n<p>&nbsp;<\/p>\n<p>Por un lado, el brazo legislativo decidi\u00f3 <strong>otorgar el galard\u00f3n de \u201cHonor al M\u00e9rito Ciudadano\u201d a Paloma Routaboul<\/strong>, por ser la primera jugadora olavarriense en representar al seleccionado argentino en el \u00faltimo mundial de v\u00f3ley U19 disputado en Croacia \u2013 Hungr\u00eda.<\/p>\n<p>&nbsp;<\/p>\n<p>Cabe recordar que la deportista surgida del Club Estudiantes tuvo destacadas actuaciones en el mencionado campeonato, donde Argentina se qued\u00f3 con el <a href=\"https:\/\/cdnoticias.com\/rugido-final-las-panteritas-ganaron-y-se-quedaron-con-el-noveno-puesto-mundialista\/\">noveno puesto mundialista<\/a>.<\/p>\n<p>&nbsp;<\/p>\n<p>A la par,<strong> el HCD declar\u00f3 de inter\u00e9s legislativo el 11\u00b0 Gran Premio de Argentino de Baquets \u201cHomenaje a Dante y Torcuato Emiliozzi\u201d<\/strong>, que<a href=\"https:\/\/cdnoticias.com\/el-gran-premio-argentino-de-baquets-tuvo-su-largada-desde-el-museo-emiliozzi\/\"> tuvo su largada<\/a> el \u00faltimo jueves desde nuestra ciudad, precisamente en las afueras del Museo Hermanos Emiliozzi.<\/p>\n<p>&nbsp;<\/p>\n<p><em><strong>Fuente: <a href=\"https:\/\/www.centraldenoticias.com.ar\/\">Central de Noticias<\/a>.<\/strong><\/em><\/p>\n","protected":false},"excerpt":{"rendered":"<p>Fue en el marco de la 12\u00b0 sesi\u00f3n ordinaria del per\u00edodo legislativo. Adem\u00e1s, el Gran Premio de Baquets tuvo una<\/p>\n","protected":false},"author":96739694,"featured_media":149275,"comment_status":"closed","ping_status":"closed","sticky":false,"template":"","format":"standard","meta":{"_jetpack_memberships_contains_paid_content":false,"footnotes":""},"categories":[30,1],"tags":[],"class_list":["post-137546","post","type-post","status-publish","format-standard","has-post-thumbnail","hentry","category-polideportivo","category-portada"],"jetpack_featured_media_url":"https:\/\/i0.wp.com\/cdnoticias.com\/wp-content\/uploads\/2022\/10\/Ahoras-i.jpg?fit=955%2C1116&ssl=1","jetpack_sharing_enabled":true,"_links":{"self":[{"href":"https:\/\/cdnoticias.com\/index.php\/wp-json\/wp\/v2\/posts\/137546","targetHints":{"allow":["GET"]}}],"collection":[{"href":"https:\/\/cdnoticias.com\/index.php\/wp-json\/wp\/v2\/posts"}],"about":[{"href":"https:\/\/cdnoticias.com\/index.php\/wp-json\/wp\/v2\/types\/post"}],"author":[{"embeddable":true,"href":"https:\/\/cdnoticias.com\/index.php\/wp-json\/wp\/v2\/users\/96739694"}],"replies":[{"embeddable":true,"href":"https:\/\/cdnoticias.com\/index.php\/wp-json\/wp\/v2\/comments?post=137546"}],"version-history":[{"count":0,"href":"https:\/\/cdnoticias.com\/index.php\/wp-json\/wp\/v2\/posts\/137546\/revisions"}],"wp:featuredmedia":[{"embeddable":true,"href":"https:\/\/cdnoticias.com\/index.php\/wp-json\/wp\/v2\/media\/149275"}],"wp:attachment":[{"href":"https:\/\/cdnoticias.com\/index.php\/wp-json\/wp\/v2\/media?parent=137546"}],"wp:term":[{"taxonomy":"category","embeddable":true,"href":"https:\/\/cdnoticias.com\/index.php\/wp-json\/wp\/v2\/categories?post=137546"},{"taxonomy":"post_tag","embeddable":true,"href":"https:\/\/cdnoticias.com\/index.php\/wp-json\/wp\/v2\/tags?post=137546"}],"curies":[{"name":"wp","href":"https:\/\/api.w.org\/{rel}","templated":true}]}}