{"id":137542,"date":"2023-09-15T17:09:00","date_gmt":"2023-09-15T20:09:00","guid":{"rendered":"https:\/\/centraldeportes.com.ar\/?p=41840"},"modified":"2025-02-12T00:02:41","modified_gmt":"2025-02-12T03:02:41","slug":"5-quillas-cedola-y-margonari-participaron-del-campeonato-provincial","status":"publish","type":"post","link":"https:\/\/cdnoticias.com\/index.php\/2023\/09\/15\/5-quillas-cedola-y-margonari-participaron-del-campeonato-provincial\/","title":{"rendered":"5 Quillas: C\u00e9dola y Margonari participaron del Campeonato Provincial"},"content":{"rendered":"<p>D\u00edas atr\u00e1s, en las instalaciones del Club La Pampa de Chivilcoy se llev\u00f3 a cabo el Campeonato Provincial de Primera Categor\u00eda y <strong>entre los 32 mejores jugadores bonaerenses hubo dos olavarrienses.<\/strong><!--more--><\/p>\n<hr \/>\n<p>Jorge Cedola representando al Club Alem de Bol\u00edvar y Omar Nicolas Margonari representando al Club Espa\u00f1ol de 9 de Julio dijeron presente en el certamen nacional.<\/p>\n<p>&nbsp;<\/p>\n<p>C\u00e9dola, no pudo pasar la zona clasificatoria y <strong>Margonari gan\u00f3 su zona<\/strong> quedando segundo en la clasificaci\u00f3n a las finales<strong> para terminar entre los cuatro clasificados al Campeonato Argentino<\/strong> a desarrollarse en Rosario.<\/p>\n<p>&nbsp;<\/p>\n<p>El certamen fue ganado por el Marplatense Dario Emanuele quien en la final le gan\u00f3 al bolivarense Gustavo Biondini.<\/p>\n","protected":false},"excerpt":{"rendered":"<p>D\u00edas atr\u00e1s, en las instalaciones del Club La Pampa de Chivilcoy se llev\u00f3 a cabo el Campeonato Provincial de Primera<\/p>\n","protected":false},"author":96739694,"featured_media":152364,"comment_status":"closed","ping_status":"closed","sticky":false,"template":"","format":"standard","meta":{"_jetpack_memberships_contains_paid_content":false,"footnotes":""},"categories":[30,1],"tags":[],"class_list":["post-137542","post","type-post","status-publish","format-standard","has-post-thumbnail","hentry","category-polideportivo","category-portada"],"jetpack_featured_media_url":"https:\/\/i0.wp.com\/cdnoticias.com\/wp-content\/uploads\/2022\/12\/WhatsApp-Image-2022-12-09-at-16.58.26-e1670616105334.jpeg?fit=960%2C534&ssl=1","jetpack_sharing_enabled":true,"_links":{"self":[{"href":"https:\/\/cdnoticias.com\/index.php\/wp-json\/wp\/v2\/posts\/137542","targetHints":{"allow":["GET"]}}],"collection":[{"href":"https:\/\/cdnoticias.com\/index.php\/wp-json\/wp\/v2\/posts"}],"about":[{"href":"https:\/\/cdnoticias.com\/index.php\/wp-json\/wp\/v2\/types\/post"}],"author":[{"embeddable":true,"href":"https:\/\/cdnoticias.com\/index.php\/wp-json\/wp\/v2\/users\/96739694"}],"replies":[{"embeddable":true,"href":"https:\/\/cdnoticias.com\/index.php\/wp-json\/wp\/v2\/comments?post=137542"}],"version-history":[{"count":0,"href":"https:\/\/cdnoticias.com\/index.php\/wp-json\/wp\/v2\/posts\/137542\/revisions"}],"wp:featuredmedia":[{"embeddable":true,"href":"https:\/\/cdnoticias.com\/index.php\/wp-json\/wp\/v2\/media\/152364"}],"wp:attachment":[{"href":"https:\/\/cdnoticias.com\/index.php\/wp-json\/wp\/v2\/media?parent=137542"}],"wp:term":[{"taxonomy":"category","embeddable":true,"href":"https:\/\/cdnoticias.com\/index.php\/wp-json\/wp\/v2\/categories?post=137542"},{"taxonomy":"post_tag","embeddable":true,"href":"https:\/\/cdnoticias.com\/index.php\/wp-json\/wp\/v2\/tags?post=137542"}],"curies":[{"name":"wp","href":"https:\/\/api.w.org\/{rel}","templated":true}]}}