{"id":137527,"date":"2023-09-13T18:24:53","date_gmt":"2023-09-13T21:24:53","guid":{"rendered":"https:\/\/centraldeportes.com.ar\/?p=41745"},"modified":"2025-02-11T23:59:16","modified_gmt":"2025-02-12T02:59:16","slug":"hector-grunewald-dijo-presente-en-una-maraton-internacional","status":"publish","type":"post","link":"https:\/\/cdnoticias.com\/index.php\/2023\/09\/13\/hector-grunewald-dijo-presente-en-una-maraton-internacional\/","title":{"rendered":"H\u00e9ctor Grunewald dijo presente en una Marat\u00f3n Internacional"},"content":{"rendered":"<p>El atleta radicado en Olavarr\u00eda particip\u00f3 el pasado fin de semana en una Marat\u00f3n Internacional que cont\u00f3 con m\u00e1s de 3000 atletas de todo el mundo.<!--more--><\/p>\n<hr \/>\n<p>H\u00e9ctor Grunewald se present\u00f3 en Punta del Este en una prueba pedestre sobre 21 kil\u00f3metros y finaliz\u00f3 el recorrido en 2 horas, 22 minutos y 11 segundos.<\/p>\n<p>&nbsp;<\/p>\n<p>El representante local, uno de los tantos atletas argentinos, finaliz\u00f3 en la vig\u00e9sima posici\u00f3n en la categor\u00eda Mayores de 65 a\u00f1os.<\/p>\n<p>&nbsp;<\/p>\n<p>La competencia internacional tambi\u00e9n ofreci\u00f3 las distancias de 5,10 y 42K donde el triunfo fue para Carlos Weber y Messalina Da Luz.<\/p>\n","protected":false},"excerpt":{"rendered":"<p>El atleta radicado en Olavarr\u00eda particip\u00f3 el pasado fin de semana en una Marat\u00f3n Internacional que cont\u00f3 con m\u00e1s de<\/p>\n","protected":false},"author":96739694,"featured_media":157381,"comment_status":"closed","ping_status":"closed","sticky":false,"template":"","format":"standard","meta":{"_jetpack_memberships_contains_paid_content":false,"footnotes":""},"categories":[38,1],"tags":[],"class_list":["post-137527","post","type-post","status-publish","format-standard","has-post-thumbnail","hentry","category-pedestrismo","category-portada"],"jetpack_featured_media_url":"https:\/\/i0.wp.com\/cdnoticias.com\/wp-content\/uploads\/2023\/09\/375898454_3578445185700157_8065915870545643575_n.jpg?fit=1600%2C900&ssl=1","jetpack_sharing_enabled":true,"_links":{"self":[{"href":"https:\/\/cdnoticias.com\/index.php\/wp-json\/wp\/v2\/posts\/137527","targetHints":{"allow":["GET"]}}],"collection":[{"href":"https:\/\/cdnoticias.com\/index.php\/wp-json\/wp\/v2\/posts"}],"about":[{"href":"https:\/\/cdnoticias.com\/index.php\/wp-json\/wp\/v2\/types\/post"}],"author":[{"embeddable":true,"href":"https:\/\/cdnoticias.com\/index.php\/wp-json\/wp\/v2\/users\/96739694"}],"replies":[{"embeddable":true,"href":"https:\/\/cdnoticias.com\/index.php\/wp-json\/wp\/v2\/comments?post=137527"}],"version-history":[{"count":0,"href":"https:\/\/cdnoticias.com\/index.php\/wp-json\/wp\/v2\/posts\/137527\/revisions"}],"wp:featuredmedia":[{"embeddable":true,"href":"https:\/\/cdnoticias.com\/index.php\/wp-json\/wp\/v2\/media\/157381"}],"wp:attachment":[{"href":"https:\/\/cdnoticias.com\/index.php\/wp-json\/wp\/v2\/media?parent=137527"}],"wp:term":[{"taxonomy":"category","embeddable":true,"href":"https:\/\/cdnoticias.com\/index.php\/wp-json\/wp\/v2\/categories?post=137527"},{"taxonomy":"post_tag","embeddable":true,"href":"https:\/\/cdnoticias.com\/index.php\/wp-json\/wp\/v2\/tags?post=137527"}],"curies":[{"name":"wp","href":"https:\/\/api.w.org\/{rel}","templated":true}]}}