{"id":137524,"date":"2023-09-12T20:14:22","date_gmt":"2023-09-12T23:14:22","guid":{"rendered":"https:\/\/centraldeportes.com.ar\/?p=41704"},"modified":"2025-02-11T23:59:21","modified_gmt":"2025-02-12T02:59:21","slug":"semana-cargada-y-con-buenas-noticias-para-la-asociacion-de-bochas-de-olavarria","status":"publish","type":"post","link":"https:\/\/cdnoticias.com\/index.php\/2023\/09\/12\/semana-cargada-y-con-buenas-noticias-para-la-asociacion-de-bochas-de-olavarria\/","title":{"rendered":"Semana cargada y con buenas noticias para la Asociaci\u00f3n de Bochas de Olavarr\u00eda"},"content":{"rendered":"<p>La entidad que regula la actividad boch\u00f3fila en la ciudad recibi\u00f3 el certificado de Personer\u00eda Jur\u00eddica. Adem\u00e1s, el Torneo Oficial de Tr\u00edos culmin\u00f3 la primera ronda y se definieron detalles para el Selectivo Individual Femenino.<!--more--><\/p>\n<hr \/>\n<p>La \u00faltima semana fue con mucha actividad, pero con novedades destacadas para la Asociaci\u00f3n de Bochas de Olavarr\u00eda. El pasado s\u00e1bado, dirigentes de la entidad anunciaron que fruto del trabajo realizado<strong> obtuvieron la Personer\u00eda Jur\u00eddica<\/strong>, con la inscripci\u00f3n al Registro Nacional Obligatorio por parte del <strong>Centro Nacional de Organizaciones de la Comunidad (CENOC)<\/strong>.<\/p>\n<p>&nbsp;<\/p>\n<p>Por otro lado, se defini\u00f3 la forma de disputa del <strong>Selectivo Femenino clasificatorio para el Provincial Individual<\/strong> a disputarse el pr\u00f3ximo 4 y 5 de noviembre en nuestra ciudad, donde Olavarr\u00eda ya cuenta con dos plazas aseguradas: <strong>Mar\u00eda Victoria Ma\u00edz y Cecilia Esnal<\/strong>.<\/p>\n<p>&nbsp;<\/p>\n<p>Los restantes seis cupos se decidir\u00e1n con el <strong>Selectivo, el cual se jugar\u00e1 el 28 y 29 de octubre y contar\u00e1 con el retorno de Gabriela Limardo (Pueblo Nuevo)<\/strong>. A su vez, formar\u00e1n parte Irma Gherbi (La Amistad); Vanesa Landoni y Karina Urrutia (Loma Negra); Fernanda L\u00f3pez, Liliana Gelso y Silvia Battiato (\u00c1lvaro Barros); Eugenia Rodr\u00edguez, \u00c9rika Quinteros y Florencia Vallejos (Pueblo Nuevo); Andrea Fischer, Jorgelina Ferreyra y Josefina Aquerreta (Fort\u00edn Tradicionalista) y Lorena L\u00f3pez (Hinojo).<\/p>\n<p>&nbsp;<\/p>\n<p>En paralelo, prosigui\u00f3 la acci\u00f3n del <strong>Torneo Oficial de Tr\u00edos Caballeros<\/strong>. Las tres fechas disputadas maracaron el cierre de la primera ronda.<\/p>\n<p>&nbsp;<\/p>\n<div class=\"tiled-gallery type-rectangular tiled-gallery-unresized\" data-original-width=\"800\" data-carousel-extra='null' itemscope itemtype=\"http:\/\/schema.org\/ImageGallery\" > <div class=\"gallery-row\" style=\"width: 800px; height: 283px;\" data-original-width=\"800\" data-original-height=\"283\" > <div class=\"gallery-group images-1\" style=\"width: 800px; height: 283px;\" data-original-width=\"800\" data-original-height=\"283\" > <div class=\"tiled-gallery-item tiled-gallery-item-large\" itemprop=\"associatedMedia\" itemscope itemtype=\"http:\/\/schema.org\/ImageObject\"> <a href=\"https:\/\/i0.wp.com\/cdnoticias.com\/wp-content\/uploads\/2021\/12\/pronos-2.jpg?ssl=1\" border=\"0\" itemprop=\"url\"> <meta itemprop=\"width\" content=\"796\"> <meta itemprop=\"height\" content=\"279\"> <img decoding=\"async\" class=\"\" data-attachment-id=\"41710\" data-orig-file=\"https:\/\/cdnoticias.com\/wp-content\/uploads\/2021\/12\/pronos-2.jpg\" data-orig-size=\"800,280\" data-comments-opened=\"\" data-image-meta=\"{&quot;aperture&quot;:&quot;0&quot;,&quot;credit&quot;:&quot;&quot;,&quot;camera&quot;:&quot;&quot;,&quot;caption&quot;:&quot;&quot;,&quot;created_timestamp&quot;:&quot;0&quot;,&quot;copyright&quot;:&quot;&quot;,&quot;focal_length&quot;:&quot;0&quot;,&quot;iso&quot;:&quot;0&quot;,&quot;shutter_speed&quot;:&quot;0&quot;,&quot;title&quot;:&quot;&quot;,&quot;orientation&quot;:&quot;1&quot;}\" data-image-title=\"pronos\" data-image-description=\"\" data-medium-file=\"https:\/\/i0.wp.com\/cdnoticias.com\/wp-content\/uploads\/2021\/12\/pronos-2.jpg?fit=300%2C105&#038;ssl=1\" data-large-file=\"https:\/\/i0.wp.com\/cdnoticias.com\/wp-content\/uploads\/2021\/12\/pronos-2.jpg?fit=800%2C280&#038;ssl=1\" src=\"https:\/\/i0.wp.com\/cdnoticias.com\/wp-content\/uploads\/2021\/12\/pronos-2.jpg?w=796&#038;h=279&#038;ssl=1\" srcset=\"https:\/\/i0.wp.com\/cdnoticias.com\/wp-content\/uploads\/2021\/12\/pronos-2.jpg?w=800&amp;ssl=1 800w, https:\/\/i0.wp.com\/cdnoticias.com\/wp-content\/uploads\/2021\/12\/pronos-2.jpg?resize=300%2C105&amp;ssl=1 300w, https:\/\/i0.wp.com\/cdnoticias.com\/wp-content\/uploads\/2021\/12\/pronos-2.jpg?resize=768%2C269&amp;ssl=1 768w\" width=\"796\" height=\"279\" loading=\"lazy\" data-original-width=\"796\" data-original-height=\"279\" itemprop=\"http:\/\/schema.org\/image\" title=\"pronos\" alt=\"pronos\" style=\"width: 796px; height: 279px;\" \/> <\/a> <\/div> <\/div> <!-- close group --> <\/div> <!-- close row --> <\/div>\n<p>&nbsp;<\/p>\n<h6><strong>Resultados Oficial de Tr\u00edos Caballeros:<\/strong><\/h6>\n<p>&nbsp;<\/p>\n<ul>\n<li>\n<h6>Fecha 7 \u2013 Categor\u00eda A<\/h6>\n<\/li>\n<\/ul>\n<p>El Fort\u00edn <strong>15 \u2013 3<\/strong> Loma Negra<\/p>\n<p>Sierra Chica <strong>8 \u2013 15<\/strong> Pueblo Nuevo<\/p>\n<p>Fort\u00edn Tradicionalista<strong> 15 \u2013 9<\/strong> \u00c1lvaro Barros<\/p>\n<p>Hinojo <strong>13 \u2013 15<\/strong> La Amistad<\/p>\n<p>Libre: San Mart\u00edn.<\/p>\n<p>&nbsp;<\/p>\n<ul>\n<li>\n<h6>Fecha 7 \u2013 Categor\u00eda B<\/h6>\n<\/li>\n<\/ul>\n<p>El Fort\u00edn <strong>15 \u2013 8<\/strong> Loma Negra<\/p>\n<p>Sierra Chica <strong>15 \u2013 10<\/strong> Pueblo Nuevo<\/p>\n<p>Fort\u00edn Tradicionalista <strong>15 \u2013 12<\/strong> \u00c1lvaro Barros<\/p>\n<p>Hinojo <strong>15 \u2013 11<\/strong> La Amistad<\/p>\n<p>Libre: San Mart\u00edn.<\/p>\n<p>&nbsp;<\/p>\n<ul>\n<li>\n<h6>Fecha 8 \u2013 Categor\u00eda A<\/h6>\n<\/li>\n<\/ul>\n<p>\u00c1lvaro Barros <strong>15 \u2013 2<\/strong> El Fort\u00edn<\/p>\n<p>Pueblo Nuevo <strong>12 \u2013 15<\/strong> Fort\u00edn Tradicionalista<\/p>\n<p>Hinojo <strong>9 \u2013 15<\/strong> Sierra Chica<\/p>\n<p>San Mart\u00edn<strong> 5 \u2013 15<\/strong> La Amistad<\/p>\n<p>Libre: Loma Negra.<\/p>\n<p>&nbsp;<\/p>\n<ul>\n<li>\n<h6>Fecha 8 \u2013 Categor\u00eda B<\/h6>\n<\/li>\n<\/ul>\n<p>\u00c1lvaro Barros <strong>15 \u2013 6<\/strong> El Fort\u00edn<\/p>\n<p>Pueblo Nuevo <strong>15 \u2013 6<\/strong> Fort\u00edn Tradicionalista<\/p>\n<p>Hinojo <strong>2 \u2013 15<\/strong> Sierra Chica<\/p>\n<p>San Mart\u00edn <strong>15 \u2013 13<\/strong> La Amistad<\/p>\n<p>Libre: Loma Negra.<\/p>\n<p>&nbsp;<\/p>\n<ul>\n<li>\n<h6>Fecha 9 \u2013 Categor\u00eda A<\/h6>\n<\/li>\n<\/ul>\n<p>El Fort\u00edn <strong>2 \u2013 15<\/strong> Pueblo Nuevo<\/p>\n<p>Loma Negra <strong>10 \u2013 15<\/strong> \u00c1lvaro Barros<\/p>\n<p>Fort\u00edn Tradicionalista<strong> 15 \u2013 5<\/strong> Hinojo<\/p>\n<p>Sierra Chica<strong> 5 \u2013 15<\/strong> San Mart\u00edn<\/p>\n<p>Libre: La Amistad.<\/p>\n<p>&nbsp;<\/p>\n<ul>\n<li>\n<h6>Fecha 9 \u2013 Categor\u00eda B<\/h6>\n<\/li>\n<\/ul>\n<p>El Fort\u00edn<strong> 10 \u2013 15<\/strong> Pueblo Nuevo<\/p>\n<p>Loma Negra<strong> 11 \u2013 15<\/strong> \u00c1lvaro Barros<\/p>\n<p>Fort\u00edn Tradicionalista<strong> 14 \u2013 15<\/strong> Hinojo<\/p>\n<p>Sierra Chica <strong>3 \u2013 15<\/strong> San Mart\u00edn<\/p>\n<p>Libre: La Amistad.<\/p>\n<p>&nbsp;<\/p>\n<p><em><strong>Fuente: Diego Clar (Prensa Bochas).<\/strong><\/em><\/p>\n","protected":false},"excerpt":{"rendered":"<p>La entidad que regula la actividad boch\u00f3fila en la ciudad recibi\u00f3 el certificado de Personer\u00eda Jur\u00eddica. Adem\u00e1s, el Torneo Oficial<\/p>\n","protected":false},"author":96739694,"featured_media":157393,"comment_status":"closed","ping_status":"closed","sticky":false,"template":"","format":"standard","meta":{"_jetpack_memberships_contains_paid_content":false,"footnotes":""},"categories":[30,1],"tags":[],"class_list":["post-137524","post","type-post","status-publish","format-standard","has-post-thumbnail","hentry","category-polideportivo","category-portada"],"jetpack_featured_media_url":"https:\/\/i0.wp.com\/cdnoticias.com\/wp-content\/uploads\/2023\/09\/Bochas-Oficial-de-Trios-LN-vs-AB.jpg?fit=1080%2C733&ssl=1","jetpack_sharing_enabled":true,"_links":{"self":[{"href":"https:\/\/cdnoticias.com\/index.php\/wp-json\/wp\/v2\/posts\/137524","targetHints":{"allow":["GET"]}}],"collection":[{"href":"https:\/\/cdnoticias.com\/index.php\/wp-json\/wp\/v2\/posts"}],"about":[{"href":"https:\/\/cdnoticias.com\/index.php\/wp-json\/wp\/v2\/types\/post"}],"author":[{"embeddable":true,"href":"https:\/\/cdnoticias.com\/index.php\/wp-json\/wp\/v2\/users\/96739694"}],"replies":[{"embeddable":true,"href":"https:\/\/cdnoticias.com\/index.php\/wp-json\/wp\/v2\/comments?post=137524"}],"version-history":[{"count":0,"href":"https:\/\/cdnoticias.com\/index.php\/wp-json\/wp\/v2\/posts\/137524\/revisions"}],"wp:featuredmedia":[{"embeddable":true,"href":"https:\/\/cdnoticias.com\/index.php\/wp-json\/wp\/v2\/media\/157393"}],"wp:attachment":[{"href":"https:\/\/cdnoticias.com\/index.php\/wp-json\/wp\/v2\/media?parent=137524"}],"wp:term":[{"taxonomy":"category","embeddable":true,"href":"https:\/\/cdnoticias.com\/index.php\/wp-json\/wp\/v2\/categories?post=137524"},{"taxonomy":"post_tag","embeddable":true,"href":"https:\/\/cdnoticias.com\/index.php\/wp-json\/wp\/v2\/tags?post=137524"}],"curies":[{"name":"wp","href":"https:\/\/api.w.org\/{rel}","templated":true}]}}