{"id":137523,"date":"2023-09-12T18:27:24","date_gmt":"2023-09-12T21:27:24","guid":{"rendered":"https:\/\/centraldeportes.com.ar\/?p=41700"},"modified":"2025-02-11T23:59:23","modified_gmt":"2025-02-12T02:59:23","slug":"divisional-b-comenzo-la-segunda-ronda-del-torneo-oficial","status":"publish","type":"post","link":"https:\/\/cdnoticias.com\/index.php\/2023\/09\/12\/divisional-b-comenzo-la-segunda-ronda-del-torneo-oficial\/","title":{"rendered":"Divisional B: comenz\u00f3 la segunda ronda del Torneo Oficial"},"content":{"rendered":"<p>A pesar de la baja de Pueyrred\u00f3n, la segunda categor\u00eda del f\u00fatbol local disput\u00f3 la 10\u00b0 fecha del campeonato con tres enfrentamientos.<!--more--><\/p>\n<hr \/>\n<p>La <strong>Divisional B<\/strong> inici\u00f3 el pasado fin de semana la<strong> segunda ronda del Torneo Oficial<\/strong> con siete equipos en competencia tras la repentina baja de Pueyrred\u00f3n. Seg\u00fan se indic\u00f3, la salida de varios jugadores del plantel de Primera fue el motivo de la decisi\u00f3n.<\/p>\n<p>&nbsp;<\/p>\n<p>Sin embargo, en las canchas de La Tradici\u00f3n, Crotto y Colonia San Miguel se jugaron los tres cotejos correspondientes a la <strong>10\u00b0 fecha del certamen<\/strong>, con dos igualdades y festejo para Recalde sobre la Sociedad de Fomento San Lorenzo.<\/p>\n<p>&nbsp;<\/p>\n<ul>\n<li>\n<h6><strong>Resultados:<\/strong><\/h6>\n<\/li>\n<\/ul>\n<p>&nbsp;<\/p>\n<h6>Primera<\/h6>\n<p>&nbsp;<\/p>\n<p>Independiente (Colonia San Miguel) <strong>1 \u2013 1<\/strong> Villa Magdalena<\/p>\n<p>Crotto <strong>2 \u2013 2<\/strong> Colonias y Cerros<\/p>\n<p>Recalde <strong>3 \u2013 0<\/strong> San Lorenzo<\/p>\n<p>Libre: Mu\u00f1oz.<\/p>\n<p>&nbsp;<\/p>\n<h6>Reserva<\/h6>\n<p>&nbsp;<\/p>\n<p>Independiente (Colonia San Miguel) <strong>0 \u2013 1<\/strong> Villa Magdalena<\/p>\n<p>Crotto<strong> 1 \u2013 3<\/strong> Colonias y Cerros<\/p>\n<p>Recalde <strong>1 \u2013 0<\/strong> San Lorenzo<\/p>\n<p>Libre: Mu\u00f1oz.<\/p>\n<p>&nbsp;<\/p>\n<p><em><strong>Foto: Archivo.<\/strong><\/em><\/p>\n","protected":false},"excerpt":{"rendered":"<p>A pesar de la baja de Pueyrred\u00f3n, la segunda categor\u00eda del f\u00fatbol local disput\u00f3 la 10\u00b0 fecha del campeonato con<\/p>\n","protected":false},"author":96739694,"featured_media":157397,"comment_status":"closed","ping_status":"closed","sticky":false,"template":"","format":"standard","meta":{"_jetpack_memberships_contains_paid_content":false,"footnotes":""},"categories":[35,1,41],"tags":[],"class_list":["post-137523","post","type-post","status-publish","format-standard","has-post-thumbnail","hentry","category-futbol","category-portada","category-primera-y-reserva"],"jetpack_featured_media_url":"https:\/\/i0.wp.com\/cdnoticias.com\/wp-content\/uploads\/2023\/04\/primerab-10.jpeg?fit=1280%2C853&ssl=1","jetpack_sharing_enabled":true,"_links":{"self":[{"href":"https:\/\/cdnoticias.com\/index.php\/wp-json\/wp\/v2\/posts\/137523","targetHints":{"allow":["GET"]}}],"collection":[{"href":"https:\/\/cdnoticias.com\/index.php\/wp-json\/wp\/v2\/posts"}],"about":[{"href":"https:\/\/cdnoticias.com\/index.php\/wp-json\/wp\/v2\/types\/post"}],"author":[{"embeddable":true,"href":"https:\/\/cdnoticias.com\/index.php\/wp-json\/wp\/v2\/users\/96739694"}],"replies":[{"embeddable":true,"href":"https:\/\/cdnoticias.com\/index.php\/wp-json\/wp\/v2\/comments?post=137523"}],"version-history":[{"count":0,"href":"https:\/\/cdnoticias.com\/index.php\/wp-json\/wp\/v2\/posts\/137523\/revisions"}],"wp:featuredmedia":[{"embeddable":true,"href":"https:\/\/cdnoticias.com\/index.php\/wp-json\/wp\/v2\/media\/157397"}],"wp:attachment":[{"href":"https:\/\/cdnoticias.com\/index.php\/wp-json\/wp\/v2\/media?parent=137523"}],"wp:term":[{"taxonomy":"category","embeddable":true,"href":"https:\/\/cdnoticias.com\/index.php\/wp-json\/wp\/v2\/categories?post=137523"},{"taxonomy":"post_tag","embeddable":true,"href":"https:\/\/cdnoticias.com\/index.php\/wp-json\/wp\/v2\/tags?post=137523"}],"curies":[{"name":"wp","href":"https:\/\/api.w.org\/{rel}","templated":true}]}}