{"id":137515,"date":"2023-09-11T17:37:52","date_gmt":"2023-09-11T20:37:52","guid":{"rendered":"https:\/\/centraldeportes.com.ar\/?p=41638"},"modified":"2025-02-11T23:59:37","modified_gmt":"2025-02-12T02:59:37","slug":"san-martin-reinauguro-su-casa-el-pozo-serrano","status":"publish","type":"post","link":"https:\/\/cdnoticias.com\/index.php\/2023\/09\/11\/san-martin-reinauguro-su-casa-el-pozo-serrano\/","title":{"rendered":"San Mart\u00edn reinaugur\u00f3 su casa, el Pozo Serrano"},"content":{"rendered":"\n<div class=\"wp-block-group is-layout-constrained wp-block-group-is-layout-constrained\">\n<p>Tras siete meses de trabajos en el terreno de juego y las instalaciones de la instituci\u00f3n, en el mediod\u00eda del pasado domingo qued\u00f3 oficialmente renovado el estadio del club sierrabayense.<!--more--><\/p>\n<hr \/>\n<p><strong>Domingo 10 de septiembre del 2023, d\u00eda hist\u00f3rico para el<\/strong> <strong>Club San Mart\u00edn<\/strong> que luego varios meses de constantes trabajos <strong>reinaugur\u00f3 de manera oficial el Pozo Serrano<\/strong>. Vale recordar que las remodelaciones iniciaron a mediados de enero, por lo que todas las categor\u00edas de f\u00fatbol debieron afrontar la local\u00eda en otras canchas.<\/p>\n<p>\u00a0<\/p>\n<p>Cerca del mediod\u00eda comenz\u00f3 la ceremonia de presentaci\u00f3n, con la participaci\u00f3n de miembros de la Subcomisi\u00f3n de F\u00fatbol del \u201cLe\u00f3n\u201d, gran art\u00edfice de las labores, dirigentes de la entidad, autoridades de la Liga de F\u00fatbol de Olavarr\u00eda, ex jugadores y familiares.<\/p>\n<p>\u00a0<\/p>\n<p>[soliloquy id=&#8221;41532&#8243;]<\/p>\n<p>\u00a0<\/p>\n<p>La nutrida agenda de actividades programadas secundaron el acto, donde hubo torneo de penales, f\u00fatbol tenis, torneo de \u201cjueguitos\u201d y hasta un \u201cpicado\u201d con chicos de Inferiores como protagonistas.<\/p>\n<p>\u00a0<\/p>\n<p>En hora de la tarde, el renovado c\u00e9sped alberg\u00f3 los duelos de Reserva y Primera Divisi\u00f3n frente a Luj\u00e1n, con ambas victorias para el equipo serrano. Fue 3 a 0 en la preliminar y <a href=\"https:\/\/cdnoticias.com\/el-leon-rugio-fuerte-en-su-regreso-al-pozo-serrano\/\">5 a 1 en la categor\u00eda principal<\/a>.<\/p>\n<\/div>\n","protected":false},"excerpt":{"rendered":"<p>Tras siete meses de trabajos en el terreno de juego y las instalaciones de la instituci\u00f3n, en el mediod\u00eda del<\/p>\n","protected":false},"author":96739694,"featured_media":157422,"comment_status":"closed","ping_status":"closed","sticky":false,"template":"","format":"standard","meta":{"_jetpack_memberships_contains_paid_content":false,"footnotes":""},"categories":[35,1,41],"tags":[],"class_list":["post-137515","post","type-post","status-publish","format-standard","has-post-thumbnail","hentry","category-futbol","category-portada","category-primera-y-reserva"],"jetpack_featured_media_url":"https:\/\/i0.wp.com\/cdnoticias.com\/wp-content\/uploads\/2023\/09\/Inauguracion-San-Martin-4.jpeg?fit=1600%2C1066&ssl=1","jetpack_sharing_enabled":true,"_links":{"self":[{"href":"https:\/\/cdnoticias.com\/index.php\/wp-json\/wp\/v2\/posts\/137515","targetHints":{"allow":["GET"]}}],"collection":[{"href":"https:\/\/cdnoticias.com\/index.php\/wp-json\/wp\/v2\/posts"}],"about":[{"href":"https:\/\/cdnoticias.com\/index.php\/wp-json\/wp\/v2\/types\/post"}],"author":[{"embeddable":true,"href":"https:\/\/cdnoticias.com\/index.php\/wp-json\/wp\/v2\/users\/96739694"}],"replies":[{"embeddable":true,"href":"https:\/\/cdnoticias.com\/index.php\/wp-json\/wp\/v2\/comments?post=137515"}],"version-history":[{"count":0,"href":"https:\/\/cdnoticias.com\/index.php\/wp-json\/wp\/v2\/posts\/137515\/revisions"}],"wp:featuredmedia":[{"embeddable":true,"href":"https:\/\/cdnoticias.com\/index.php\/wp-json\/wp\/v2\/media\/157422"}],"wp:attachment":[{"href":"https:\/\/cdnoticias.com\/index.php\/wp-json\/wp\/v2\/media?parent=137515"}],"wp:term":[{"taxonomy":"category","embeddable":true,"href":"https:\/\/cdnoticias.com\/index.php\/wp-json\/wp\/v2\/categories?post=137515"},{"taxonomy":"post_tag","embeddable":true,"href":"https:\/\/cdnoticias.com\/index.php\/wp-json\/wp\/v2\/tags?post=137515"}],"curies":[{"name":"wp","href":"https:\/\/api.w.org\/{rel}","templated":true}]}}