{"id":137514,"date":"2023-09-11T15:12:50","date_gmt":"2023-09-11T18:12:50","guid":{"rendered":"https:\/\/centraldeportes.com.ar\/?p=41613"},"modified":"2025-02-11T23:59:38","modified_gmt":"2025-02-12T02:59:38","slug":"el-fortin-realizo-una-distincion-a-fatiga-russo","status":"publish","type":"post","link":"https:\/\/cdnoticias.com\/index.php\/2023\/09\/11\/el-fortin-realizo-una-distincion-a-fatiga-russo\/","title":{"rendered":"El Fort\u00edn realiz\u00f3 una distinci\u00f3n a \u201cFatiga\u201d Russo"},"content":{"rendered":"\n<div class=\"wp-block-group is-layout-constrained wp-block-group-is-layout-constrained\">\n<p>En la previa del partido entre Municipales y El Fort\u00edn en el Ricardo S\u00e1nchez, la Subcomisi\u00f3n de F\u00fatbol Mayor realiz\u00f3 una distinci\u00f3n a Francisco Russo.<!--more--><\/p>\n<hr \/>\n<p>Por una nueva fecha del Torneo Clausura organizado por la Liga de F\u00fatbol de Olavarr\u00eda, dirigentes \u201cFortineros\u201d de la Subcomisi\u00f3n de F\u00fatbol Mayor hicieron entrega de una plaqueta distintiva al DT del Club Municipales.<\/p>\n<p>\u00a0<\/p>\n<p>En forma de agradecimiento por su exitoso paso al mando del Club de barrio Luj\u00e1n, hicieron entrega de un reconocimiento a Francisco Faustino Russo que luego, a la hora del juego, junto a los suyos, sufri\u00f3 una abultada derrota.<\/p>\n<p>\u00a0<\/p>\n<p>Hubo aplausos generalizados de las hinchadas y de todos los futbolistas que se acercaron a saludarlo al c\u00edrculo central del Ricardo S\u00e1nchez.<\/p>\n<\/div>\n","protected":false},"excerpt":{"rendered":"<p>En la previa del partido entre Municipales y El Fort\u00edn en el Ricardo S\u00e1nchez, la Subcomisi\u00f3n de F\u00fatbol Mayor realiz\u00f3<\/p>\n","protected":false},"author":96739694,"featured_media":157424,"comment_status":"closed","ping_status":"closed","sticky":false,"template":"","format":"standard","meta":{"_jetpack_memberships_contains_paid_content":false,"footnotes":""},"categories":[35,1,41],"tags":[],"class_list":["post-137514","post","type-post","status-publish","format-standard","has-post-thumbnail","hentry","category-futbol","category-portada","category-primera-y-reserva"],"jetpack_featured_media_url":"https:\/\/i0.wp.com\/cdnoticias.com\/wp-content\/uploads\/2023\/09\/WhatsApp-Image-2023-09-10-at-15.08.22-e1694455930461.jpeg?fit=1200%2C656&ssl=1","jetpack_sharing_enabled":true,"_links":{"self":[{"href":"https:\/\/cdnoticias.com\/index.php\/wp-json\/wp\/v2\/posts\/137514","targetHints":{"allow":["GET"]}}],"collection":[{"href":"https:\/\/cdnoticias.com\/index.php\/wp-json\/wp\/v2\/posts"}],"about":[{"href":"https:\/\/cdnoticias.com\/index.php\/wp-json\/wp\/v2\/types\/post"}],"author":[{"embeddable":true,"href":"https:\/\/cdnoticias.com\/index.php\/wp-json\/wp\/v2\/users\/96739694"}],"replies":[{"embeddable":true,"href":"https:\/\/cdnoticias.com\/index.php\/wp-json\/wp\/v2\/comments?post=137514"}],"version-history":[{"count":0,"href":"https:\/\/cdnoticias.com\/index.php\/wp-json\/wp\/v2\/posts\/137514\/revisions"}],"wp:featuredmedia":[{"embeddable":true,"href":"https:\/\/cdnoticias.com\/index.php\/wp-json\/wp\/v2\/media\/157424"}],"wp:attachment":[{"href":"https:\/\/cdnoticias.com\/index.php\/wp-json\/wp\/v2\/media?parent=137514"}],"wp:term":[{"taxonomy":"category","embeddable":true,"href":"https:\/\/cdnoticias.com\/index.php\/wp-json\/wp\/v2\/categories?post=137514"},{"taxonomy":"post_tag","embeddable":true,"href":"https:\/\/cdnoticias.com\/index.php\/wp-json\/wp\/v2\/tags?post=137514"}],"curies":[{"name":"wp","href":"https:\/\/api.w.org\/{rel}","templated":true}]}}