{"id":137510,"date":"2023-09-10T22:51:53","date_gmt":"2023-09-11T01:51:53","guid":{"rendered":"https:\/\/centraldeportes.com.ar\/?p=41590"},"modified":"2025-02-11T23:59:46","modified_gmt":"2025-02-12T02:59:46","slug":"chingotto-y-navarro-subcampeones-en-roland-garros","status":"publish","type":"post","link":"https:\/\/cdnoticias.com\/index.php\/2023\/09\/10\/chingotto-y-navarro-subcampeones-en-roland-garros\/","title":{"rendered":"Chingotto y Navarro, subcampeones en Roland Garros"},"content":{"rendered":"\n<div class=\"wp-block-group is-layout-constrained wp-block-group-is-layout-constrained\">\n<p>Lleg\u00f3 a su fin la 2\u00b0 edici\u00f3n del Par\u00eds Major organizado por Premier P\u00e1del y fue con derrota en la final para Federico Chingotto y Francisco Navarro ante Coello y Tapia.<!--more--><\/p>\n<hr \/>\n<p><strong>La segunda final consecutiva del olavarriense en Par\u00eds<\/strong> -previamente hab\u00eda sido con Juan Tello- y cuarta instancia definitiva con su nuevo compa\u00f1ero, <strong>fue derrota ante Arturo Coello y Agust\u00edn Tapia<\/strong> por 7\/6 y 6\/1 en una hora y 22 minutos.<\/p>\n<\/p>\n<p>En la Pista Philippe \u2013 Chatrier del Stade Roland Garros y ante <strong>un gran marco de p\u00fablico<\/strong> que se dio cita en la capital francesa, para presenciar la cuarta final -sobre cuatro- del circuito de Premier P\u00e1del de Coello y Tapia.<\/p>\n<\/p>\n<p>Chingotto y Navarro, que buscaban la revancha por las derrotas en Roma y Madrid, comenzaron quebrando el servicio de sus rivales y adelant\u00e1ndose por 4-2. Reaccionaron los rivales, que lograron forzar el tie-break y llevarse la primera manga por 7-6 (2).<\/p>\n<\/p>\n<p>El segundo set fue otra historia, Coello y Tapia consiguieron quebrar tres veces el servicio de &#8220;Fede&#8221; y compa\u00f1\u00eda y sellaron con un 6-1 el triunfo y se quedaron con <strong>el t\u00edtulo que le viene siendo esquivo a Chingotto y Navarro<\/strong>.<\/p>\n<\/div>\n","protected":false},"excerpt":{"rendered":"<p>Lleg\u00f3 a su fin la 2\u00b0 edici\u00f3n del Par\u00eds Major organizado por Premier P\u00e1del y fue con derrota en la<\/p>\n","protected":false},"author":96739694,"featured_media":157437,"comment_status":"closed","ping_status":"closed","sticky":false,"template":"","format":"standard","meta":{"_jetpack_memberships_contains_paid_content":false,"footnotes":""},"categories":[1,55],"tags":[],"class_list":["post-137510","post","type-post","status-publish","format-standard","has-post-thumbnail","hentry","category-portada","category-tenis-padel"],"jetpack_featured_media_url":"https:\/\/i0.wp.com\/cdnoticias.com\/wp-content\/uploads\/2023\/09\/F5rFnwzWQAAovlC-e1694397096439.jpg?fit=1634%2C1020&ssl=1","jetpack_sharing_enabled":true,"_links":{"self":[{"href":"https:\/\/cdnoticias.com\/index.php\/wp-json\/wp\/v2\/posts\/137510","targetHints":{"allow":["GET"]}}],"collection":[{"href":"https:\/\/cdnoticias.com\/index.php\/wp-json\/wp\/v2\/posts"}],"about":[{"href":"https:\/\/cdnoticias.com\/index.php\/wp-json\/wp\/v2\/types\/post"}],"author":[{"embeddable":true,"href":"https:\/\/cdnoticias.com\/index.php\/wp-json\/wp\/v2\/users\/96739694"}],"replies":[{"embeddable":true,"href":"https:\/\/cdnoticias.com\/index.php\/wp-json\/wp\/v2\/comments?post=137510"}],"version-history":[{"count":0,"href":"https:\/\/cdnoticias.com\/index.php\/wp-json\/wp\/v2\/posts\/137510\/revisions"}],"wp:featuredmedia":[{"embeddable":true,"href":"https:\/\/cdnoticias.com\/index.php\/wp-json\/wp\/v2\/media\/157437"}],"wp:attachment":[{"href":"https:\/\/cdnoticias.com\/index.php\/wp-json\/wp\/v2\/media?parent=137510"}],"wp:term":[{"taxonomy":"category","embeddable":true,"href":"https:\/\/cdnoticias.com\/index.php\/wp-json\/wp\/v2\/categories?post=137510"},{"taxonomy":"post_tag","embeddable":true,"href":"https:\/\/cdnoticias.com\/index.php\/wp-json\/wp\/v2\/tags?post=137510"}],"curies":[{"name":"wp","href":"https:\/\/api.w.org\/{rel}","templated":true}]}}