{"id":137502,"date":"2023-09-09T20:08:49","date_gmt":"2023-09-09T23:08:49","guid":{"rendered":"https:\/\/centraldeportes.com.ar\/?p=41510"},"modified":"2023-09-09T20:08:49","modified_gmt":"2023-09-09T23:08:49","slug":"paris-le-sienta-bien-fede-chingotto-a-la-final-de-roland-garros-2","status":"publish","type":"post","link":"https:\/\/cdnoticias.com\/index.php\/2023\/09\/09\/paris-le-sienta-bien-fede-chingotto-a-la-final-de-roland-garros-2\/","title":{"rendered":"Par\u00eds le sienta bien: \u201cFede\u201d Chingotto, a la final de Roland Garros"},"content":{"rendered":"<p>Junto a su compa\u00f1ero \u201cPaquito\u201d Navarro, derrotaron este s\u00e1bado a Lebr\u00f3n \u2013 Gal\u00e1n e ir\u00e1n por el t\u00edtulo del Major franc\u00e9s. Ser\u00e1 la segunda final consecutiva del certamen parisino para el olavarriense.<!--more--><\/p>\n<hr \/>\n<p><strong>Federico Chingotto y Francisco Navarro<\/strong> cumplieron el objetivo de llegar al \u00faltimo d\u00eda de competencias y este s\u00e1bado, en horas de la tarde de nuestro pa\u00eds, sacaron boleto directo para su <strong>cuarta final como pareja de la temporada 2023<\/strong>.<\/p>\n<p>&nbsp;<\/p>\n<p>No la tuvieron f\u00e1cil en la vereda del frente, ya que en semifinales tuvieron que medirse ante los espa\u00f1oles <strong>Juan Lebr\u00f3n y Alejandro Gal\u00e1n<\/strong> en la Pista Philippe \u2013 Chatrier del Stade Roland Garros.<\/p>\n<p>&nbsp;<\/p>\n<p>Sin embargo, con una excelente actuaci\u00f3n individual del olavarriense m\u00e1s la jerarqu\u00eda del sevillano, apretaron fuerte el pu\u00f1o nuevamente para jugar a un buen nivel y quedarse con el triunfo en sets consecutivos.<\/p>\n<p>&nbsp;<\/p>\n<p><strong>Fue 6 \u2013 2 y 6 \u2013 4 al cabo de una hora y treinta y ocho minutos de partido<\/strong>, resultado que los deposit\u00f3 en la final del Major de Par\u00eds. Se trata adem\u00e1s de la<strong> segunda final consecutiva en Roland Garros para el \u201cS\u00faper Rat\u00f3n\u201d de Olavarr\u00eda.<\/strong><\/p>\n<p>&nbsp;<\/p>\n<p>La ilusi\u00f3n al primer t\u00edtulo del a\u00f1o para \u201cFede\u201d y \u201cPaquito\u201d tiene un obst\u00e1culo m\u00e1s en el camino: <strong>Agust\u00edn Tapia y Arturo Coello<\/strong>, quienes dejaron atr\u00e1s a Nieto \u2013 Sanz por 6 \u2013 2 y 6 \u2013 4. <strong>El duelo ser\u00e1 este domingo<\/strong>, culminada la definici\u00f3n de la rama femenina.<\/p>\n<p>&nbsp;<\/p>\n<p><em><strong>Foto: Paris Major Premier Padel.<\/strong><\/em><\/p>\n","protected":false},"excerpt":{"rendered":"<p>Junto a su compa\u00f1ero \u201cPaquito\u201d Navarro, derrotaron este s\u00e1bado a Lebr\u00f3n \u2013 Gal\u00e1n e ir\u00e1n por el t\u00edtulo del Major<\/p>\n","protected":false},"author":96739695,"featured_media":41511,"comment_status":"closed","ping_status":"closed","sticky":false,"template":"","format":"standard","meta":{"_jetpack_memberships_contains_paid_content":false,"footnotes":""},"categories":[1,55],"tags":[],"class_list":["post-137502","post","type-post","status-publish","format-standard","has-post-thumbnail","hentry","category-portada","category-tenis-padel"],"jetpack_featured_media_url":"","jetpack_sharing_enabled":true,"_links":{"self":[{"href":"https:\/\/cdnoticias.com\/index.php\/wp-json\/wp\/v2\/posts\/137502","targetHints":{"allow":["GET"]}}],"collection":[{"href":"https:\/\/cdnoticias.com\/index.php\/wp-json\/wp\/v2\/posts"}],"about":[{"href":"https:\/\/cdnoticias.com\/index.php\/wp-json\/wp\/v2\/types\/post"}],"author":[{"embeddable":true,"href":"https:\/\/cdnoticias.com\/index.php\/wp-json\/wp\/v2\/users\/96739695"}],"replies":[{"embeddable":true,"href":"https:\/\/cdnoticias.com\/index.php\/wp-json\/wp\/v2\/comments?post=137502"}],"version-history":[{"count":0,"href":"https:\/\/cdnoticias.com\/index.php\/wp-json\/wp\/v2\/posts\/137502\/revisions"}],"wp:featuredmedia":[{"embeddable":true,"href":"https:\/\/cdnoticias.com\/index.php\/wp-json\/"}],"wp:attachment":[{"href":"https:\/\/cdnoticias.com\/index.php\/wp-json\/wp\/v2\/media?parent=137502"}],"wp:term":[{"taxonomy":"category","embeddable":true,"href":"https:\/\/cdnoticias.com\/index.php\/wp-json\/wp\/v2\/categories?post=137502"},{"taxonomy":"post_tag","embeddable":true,"href":"https:\/\/cdnoticias.com\/index.php\/wp-json\/wp\/v2\/tags?post=137502"}],"curies":[{"name":"wp","href":"https:\/\/api.w.org\/{rel}","templated":true}]}}