{"id":137487,"date":"2023-09-07T08:16:37","date_gmt":"2023-09-07T11:16:37","guid":{"rendered":"http:\/\/centraldeportes.com.ar\/?p=41295"},"modified":"2025-02-11T23:58:26","modified_gmt":"2025-02-12T02:58:26","slug":"habra-noche-de-narices-chatas-en-el-club-el-fortin","status":"publish","type":"post","link":"https:\/\/cdnoticias.com\/index.php\/2023\/09\/07\/habra-noche-de-narices-chatas-en-el-club-el-fortin\/","title":{"rendered":"Habr\u00e1 \u201cnoche de narices chatas\u201d en el Club El Fort\u00edn"},"content":{"rendered":"<p>En la sala de conferencias de La Casa del Deporte, este mi\u00e9rcoles por la tarde se present\u00f3 el 6\u00b0 festival box\u00edstico del a\u00f1o que tendr\u00e1 una nutrida cartelera de combate con p\u00fagiles olavarrienses. Ser\u00e1 este viernes 8 desde las 21:00 horas.<!--more--><\/p>\n<hr \/>\n<p>El hist\u00f3rico sal\u00f3n de la avenida Urquiza volver\u00e1 a tener un cuadril\u00e1tero de por medio con el desarrollo del <strong>sexto festival de boxeo del a\u00f1o<\/strong>, nuevamente organizado por el promotor <strong>Carlos L\u00f3pez<\/strong> y fiscalizado por la <strong>Comisi\u00f3n Municipal de Box<\/strong>.<\/p>\n<p>&nbsp;<\/p>\n<p>Este mi\u00e9rcoles por la tarde, mediante conferencia de prensa, se present\u00f3 oficialmente la velada en las instalaciones de La Casa del Deporte y se detall\u00f3 que habr\u00e1 una cargada programaci\u00f3n de contiendas.<\/p>\n<p>&nbsp;<\/p>\n<p>\u201c<strong><em>Estamos trabajando bien para que sea un \u00e9xito. Es muy lindo e importante que tengamos muchos pupilos de Olavarr\u00eda\u201d<\/em><\/strong>, se\u00f1al\u00f3 L\u00f3pez, quien adem\u00e1s sostuvo que durante el evento se realizar\u00e1 un reconocimiento a ex boxeadores de nuestra ciudad.<\/p>\n<p>&nbsp;<\/p>\n\n<p>&nbsp;<\/p>\n<p>El festival <strong>no contar\u00e1 con la presencia de Kaio Moyano Monz\u00f3n<\/strong>, nieto de Carlos Monz\u00f3n, por una fuerte gripe. No obstante, el rival de Axel C\u00f3rdoba en la pelea de semifondo y por el t\u00edtulo bonaerense ser\u00e1 Alexis Vega de Benito Ju\u00e1rez.<\/p>\n<p>&nbsp;<\/p>\n<p>A su vez, <strong>el combate de fondo contar\u00e1 con el regreso al ring de Dami\u00e1n \u201cCarnicero\u201d Mart\u00ednez, quien se enfrentar\u00e1 a Jordan Domenicale de Pig\u00fce por el cintur\u00f3n bonaerense de Peso Pesado<\/strong>. \u201c<em>Es la primera vez que voy a cerrar un festival, es un compromiso muy importante y estamos preparados<\/em>\u201d, manifest\u00f3.<\/p>\n<p>&nbsp;<\/p>\n<p>La velada ser\u00e1 este viernes en el sal\u00f3n del Club El Fort\u00edn y <strong>comenzar\u00e1 a partir de las 21:00 horas<\/strong>. Previamente, habr\u00e1 combates\u00a0 de exhibici\u00f3n los cuales iniciar\u00e1n a las 19:00 horas.<\/p>\n<p>&nbsp;<\/p>\n<ul>\n<li>\n<h6><strong>Programaci\u00f3n:<\/strong><\/h6>\n<\/li>\n<\/ul>\n<p>&nbsp;<\/p>\n<p>Ignacio Sol\u00eds (Olavarr\u00eda) vs Santiago Arzia (Olavarr\u00eda)<\/p>\n<p>Mat\u00edas Romero (Turco Box) vs Paredes Rivero (Chivilcoy)<\/p>\n<p>Isa\u00edas Olivetto (Oto Box) vs Ulises Franco (Tandil)<\/p>\n<p>Benjam\u00edn Salvi (General Lavalle) vs Mauro Costa (Tandil)<\/p>\n<p>Sof\u00eda Olivetto (Oto Box) vs Priscila Arlotti (General Lavalle)<\/p>\n<p>Tom\u00e1s Coca (Turco Box) vs Agust\u00edn Beatrice (Chivilcoy)<\/p>\n<p>Braian T\u00e9vez (Olavarr\u00eda) vs Uriel Barrag\u00e1n (Barrag\u00e1n Box)<\/p>\n<p>Carlos S\u00e1nchez (Tito Videla Box) vs Valent\u00edn Ulibarre (Tres Arroyos)<\/p>\n<p>Jerem\u00edas Perich\u00f3n (Oto Box) vs Adri\u00e1n Butte (General Lavalle)<\/p>\n<p>Rosa Berm\u00fadez (Barrag\u00e1n Box) vs Luz D\u00edaz (Benito Ju\u00e1rez)<\/p>\n<p>Mariana L\u00f3pez (Oto Box) vs Flavia Cano (General Lavalle)<\/p>\n<p>&nbsp;<\/p>\n<ul>\n<li>\n<h6>Doble fondo:<\/h6>\n<\/li>\n<\/ul>\n<p>&nbsp;<\/p>\n<p>Alexis Vega (Benito Ju\u00e1rez) \u00a0vs Axel C\u00f3rdoba (Tandil)<\/p>\n<p>Dami\u00e1n \u201cCarnicero\u201d Mart\u00ednez (Tito Videla Box) vs Jordan Domenecale (Pig\u00fce)<\/p>\n","protected":false},"excerpt":{"rendered":"<p>En la sala de conferencias de La Casa del Deporte, este mi\u00e9rcoles por la tarde se present\u00f3 el 6\u00b0 festival<\/p>\n","protected":false},"author":96739694,"featured_media":157365,"comment_status":"closed","ping_status":"closed","sticky":false,"template":"","format":"standard","meta":{"_jetpack_memberships_contains_paid_content":false,"footnotes":""},"categories":[30,1],"tags":[],"class_list":["post-137487","post","type-post","status-publish","format-standard","has-post-thumbnail","hentry","category-polideportivo","category-portada"],"jetpack_featured_media_url":"https:\/\/i0.wp.com\/cdnoticias.com\/wp-content\/uploads\/2023\/09\/conferencia-2.jpeg?fit=1600%2C1066&ssl=1","jetpack_sharing_enabled":true,"_links":{"self":[{"href":"https:\/\/cdnoticias.com\/index.php\/wp-json\/wp\/v2\/posts\/137487","targetHints":{"allow":["GET"]}}],"collection":[{"href":"https:\/\/cdnoticias.com\/index.php\/wp-json\/wp\/v2\/posts"}],"about":[{"href":"https:\/\/cdnoticias.com\/index.php\/wp-json\/wp\/v2\/types\/post"}],"author":[{"embeddable":true,"href":"https:\/\/cdnoticias.com\/index.php\/wp-json\/wp\/v2\/users\/96739694"}],"replies":[{"embeddable":true,"href":"https:\/\/cdnoticias.com\/index.php\/wp-json\/wp\/v2\/comments?post=137487"}],"version-history":[{"count":0,"href":"https:\/\/cdnoticias.com\/index.php\/wp-json\/wp\/v2\/posts\/137487\/revisions"}],"wp:featuredmedia":[{"embeddable":true,"href":"https:\/\/cdnoticias.com\/index.php\/wp-json\/wp\/v2\/media\/157365"}],"wp:attachment":[{"href":"https:\/\/cdnoticias.com\/index.php\/wp-json\/wp\/v2\/media?parent=137487"}],"wp:term":[{"taxonomy":"category","embeddable":true,"href":"https:\/\/cdnoticias.com\/index.php\/wp-json\/wp\/v2\/categories?post=137487"},{"taxonomy":"post_tag","embeddable":true,"href":"https:\/\/cdnoticias.com\/index.php\/wp-json\/wp\/v2\/tags?post=137487"}],"curies":[{"name":"wp","href":"https:\/\/api.w.org\/{rel}","templated":true}]}}