{"id":137486,"date":"2023-09-07T07:18:01","date_gmt":"2023-09-07T10:18:01","guid":{"rendered":"http:\/\/centraldeportes.com.ar\/?p=41291"},"modified":"2025-02-11T23:58:27","modified_gmt":"2025-02-12T02:58:27","slug":"inferiores-la-quinta-division-recupero-dos-partidos","status":"publish","type":"post","link":"https:\/\/cdnoticias.com\/index.php\/2023\/09\/07\/inferiores-la-quinta-division-recupero-dos-partidos\/","title":{"rendered":"Inferiores: la Quinta Divisi\u00f3n recuper\u00f3 dos partidos"},"content":{"rendered":"<p>La mayor de las divisiones formativas tuvo actividad este mi\u00e9rcoles y tach\u00f3 dos cruces pendientes del Torneo Clausura.<!--more--><\/p>\n<hr \/>\n<p>Las <strong>Divisiones Inferiores<\/strong> de la Liga de F\u00fatbol de Olavarr\u00eda aprovecharon la mitad de semana para recuperar partidos correspondientes al Torneo Clausura. Ambos duelos se enmarcaron en Quinta Divisi\u00f3n.<\/p>\n<p>&nbsp;<\/p>\n<p>En el sint\u00e9tico del Clemente \u201cTete\u201d Di Carlo, <strong>Ferro venci\u00f3 2 a 0 a Embajadores<\/strong> por el postergado de la <a href=\"http:\/\/centraldeportes.com.ar\/las-divisiones-menores-completaron-otra-jornada-del-clausura\/\">3\u00b0 fecha<\/a> y sum\u00f3 sus primeros tres puntos en el certamen. <strong>Thiago Andreu y Jano Urquiza anotaron en el festejo \u201cCarbonero\u201d<\/strong>.<\/p>\n<p>&nbsp;<\/p>\n<p>[soliloquy id=&#8221;41250&#8243;]<\/p>\n<p>&nbsp;<\/p>\n<p>M\u00e1s tarde, <strong>Estudiantes y Municipales<\/strong> pisaron el Parque Carlos Guerrero y terminaron de completar el duelo perteneciente a la 2\u00b0 cita que <a href=\"http:\/\/centraldeportes.com.ar\/con-algunos-asteriscos-los-juveniles-disputaron-la-2-fecha-del-clausura\/\">hab\u00eda sido suspendido<\/a> por el joven accidentado del conjunto del sindicato.<\/p>\n<p>&nbsp;<\/p>\n<p>Previo a la cancelaci\u00f3n del partido,<strong> el \u201cBata\u201d<\/strong> ganaba 1 a 0 y en dos tiempos de 20\u2019 cada uno, <strong>termin\u00f3 de concretar su victoria por 3 a 0 para ser el nuevo l\u00edder de la divisi\u00f3n<\/strong>.<\/p>\n<p>&nbsp;<\/p>\n<p><img data-recalc-dims=\"1\" loading=\"lazy\" decoding=\"async\" class=\"aligncenter size-full wp-image-41293\" src=\"https:\/\/i0.wp.com\/centraldeportes.com.ar\/wp-content\/uploads\/2023\/09\/Posiciones-Quinta-3%C2%B0-fecha-Clausura.png?resize=784%2C485\" alt=\"\" width=\"784\" height=\"485\" \/><\/p>\n","protected":false},"excerpt":{"rendered":"<p>La mayor de las divisiones formativas tuvo actividad este mi\u00e9rcoles y tach\u00f3 dos cruces pendientes del Torneo Clausura.<\/p>\n","protected":false},"author":96739694,"featured_media":157368,"comment_status":"closed","ping_status":"closed","sticky":false,"template":"","format":"standard","meta":{"_jetpack_memberships_contains_paid_content":false,"footnotes":""},"categories":[35,40,1],"tags":[],"class_list":["post-137486","post","type-post","status-publish","format-standard","has-post-thumbnail","hentry","category-futbol","category-inferiores","category-portada"],"jetpack_featured_media_url":"https:\/\/i0.wp.com\/cdnoticias.com\/wp-content\/uploads\/2023\/09\/inf-lfo-10.jpeg?fit=1600%2C1066&ssl=1","jetpack_sharing_enabled":true,"_links":{"self":[{"href":"https:\/\/cdnoticias.com\/index.php\/wp-json\/wp\/v2\/posts\/137486","targetHints":{"allow":["GET"]}}],"collection":[{"href":"https:\/\/cdnoticias.com\/index.php\/wp-json\/wp\/v2\/posts"}],"about":[{"href":"https:\/\/cdnoticias.com\/index.php\/wp-json\/wp\/v2\/types\/post"}],"author":[{"embeddable":true,"href":"https:\/\/cdnoticias.com\/index.php\/wp-json\/wp\/v2\/users\/96739694"}],"replies":[{"embeddable":true,"href":"https:\/\/cdnoticias.com\/index.php\/wp-json\/wp\/v2\/comments?post=137486"}],"version-history":[{"count":0,"href":"https:\/\/cdnoticias.com\/index.php\/wp-json\/wp\/v2\/posts\/137486\/revisions"}],"wp:featuredmedia":[{"embeddable":true,"href":"https:\/\/cdnoticias.com\/index.php\/wp-json\/wp\/v2\/media\/157368"}],"wp:attachment":[{"href":"https:\/\/cdnoticias.com\/index.php\/wp-json\/wp\/v2\/media?parent=137486"}],"wp:term":[{"taxonomy":"category","embeddable":true,"href":"https:\/\/cdnoticias.com\/index.php\/wp-json\/wp\/v2\/categories?post=137486"},{"taxonomy":"post_tag","embeddable":true,"href":"https:\/\/cdnoticias.com\/index.php\/wp-json\/wp\/v2\/tags?post=137486"}],"curies":[{"name":"wp","href":"https:\/\/api.w.org\/{rel}","templated":true}]}}