{"id":137484,"date":"2023-09-06T23:30:07","date_gmt":"2023-09-07T02:30:07","guid":{"rendered":"http:\/\/centraldeportes.com.ar\/?p=41265"},"modified":"2025-02-11T23:58:31","modified_gmt":"2025-02-12T02:58:31","slug":"las-chicas-abrocharon-otra-fecha-en-primera-cuatro-equipos-comparten-la-cima","status":"publish","type":"post","link":"https:\/\/cdnoticias.com\/index.php\/2023\/09\/06\/las-chicas-abrocharon-otra-fecha-en-primera-cuatro-equipos-comparten-la-cima\/","title":{"rendered":"Las chicas abrocharon otra fecha: en Primera, cuatro equipos comparten la cima"},"content":{"rendered":"<p>Las tres divisiones del f\u00fatbol menor femenino, junto con la categor\u00eda mayor, completaron el fin de semana pasado una nueva jornada del Torneo Clausura.<!--more--><\/p>\n<hr \/>\n<p>El <strong>segundo torneo del a\u00f1o<\/strong> gestionado por la Liga de F\u00fatbol de Olavarr\u00eda para el f\u00fatbol femenino tuvo continuidad entre s\u00e1bado y domingo pasado.<\/p>\n<p>&nbsp;<\/p>\n<p>Por un lado, <strong>Primera Divisi\u00f3n jug\u00f3 la 6\u00b0 fecha<\/strong> del Torneo Clausura en el Complejo La Tradici\u00f3n, mientras que las <strong>Divisiones Inferiores celebraron la 5\u00b0 jornada<\/strong> en el sint\u00e9tico del \u201cTete\u201d Di Carlo.<\/p>\n<p>&nbsp;<\/p>\n<p>En la mayor, hubo tres empates y festejos para <strong>Ferro y Mu\u00f1oz<\/strong>. Asimismo, en la tabla de posiciones, cuatro equipos comparten la cima con 13 unidades. En Sub 16 manda <strong>Racing<\/strong> y en Sub 14 lidera <strong>Municipales<\/strong>.<\/p>\n<p>&nbsp;<\/p>\n<p>[soliloquy id=&#8221;41211&#8243;]<\/p>\n<p>&nbsp;<\/p>\n<ul>\n<li>\n<h6><strong>Resultados:<\/strong><\/h6>\n<\/li>\n<\/ul>\n<p>&nbsp;<\/p>\n<h6>Primera Divisi\u00f3n<\/h6>\n<p>&nbsp;<\/p>\n<p>Municipales B <strong>0 \u2013 0<\/strong> Hinojo<\/p>\n<p>Municipales A <strong>1 \u2013 1<\/strong> Tres Hermanos (Blanca Chica)<\/p>\n<p>Ferro Carril Sud <strong>5 \u2013 0<\/strong> Colonias y Cerros<\/p>\n<p>Embajadores <strong>0 \u2013 4<\/strong> Mu\u00f1oz<\/p>\n<p>Sierra Chica <strong>0 \u2013 0<\/strong> Racing<\/p>\n<p>Libre: Pueyrred\u00f3n.<\/p>\n<p>&nbsp;<\/p>\n<p><img data-recalc-dims=\"1\" loading=\"lazy\" decoding=\"async\" class=\"aligncenter size-full wp-image-41276\" src=\"https:\/\/i0.wp.com\/centraldeportes.com.ar\/wp-content\/uploads\/2023\/09\/Primera-Divisi%C3%B3n-F%C3%BAtbol-Femenino-6%C2%B0-fecha-Clausura.png?resize=785%2C536\" alt=\"\" width=\"785\" height=\"536\" \/><\/p>\n<p>&nbsp;<\/p>\n<h6>Sub 16<\/h6>\n<p>Estudiantes <strong>2 \u2013 0<\/strong> Municipales<\/p>\n<p>El Fort\u00edn <strong>0 \u2013 3<\/strong> Ferro Carril Sud<\/p>\n<p>Libre: Racing.<\/p>\n<p>&nbsp;<\/p>\n<p><img data-recalc-dims=\"1\" loading=\"lazy\" decoding=\"async\" class=\"aligncenter size-full wp-image-41274\" src=\"https:\/\/i0.wp.com\/centraldeportes.com.ar\/wp-content\/uploads\/2023\/09\/5%C2%B0-fecha-Clausura-Sub-16.png?resize=789%2C284\" alt=\"\" width=\"789\" height=\"284\" \/><\/p>\n<p>&nbsp;<\/p>\n<h6>Sub 14<\/h6>\n<p>Embajadores <strong>1 \u2013 2<\/strong> Municipales<\/p>\n<p>El Fort\u00edn <strong>1 \u2013 14<\/strong> Estudiantes<\/p>\n<p>Racing <strong>1 \u2013 1<\/strong> Sierra Chica<\/p>\n<p>&nbsp;<\/p>\n<p><img data-recalc-dims=\"1\" loading=\"lazy\" decoding=\"async\" class=\"aligncenter size-full wp-image-41275\" src=\"https:\/\/i0.wp.com\/centraldeportes.com.ar\/wp-content\/uploads\/2023\/09\/5%C2%B0-fecha-Clausura-Sub-14.png?resize=786%2C326\" alt=\"\" width=\"786\" height=\"326\" \/><\/p>\n<p>&nbsp;<\/p>\n<h6>Sub 12<\/h6>\n<p>El Fort\u00edn <strong>1 \u2013 5<\/strong> Racing Blanco<\/p>\n<p>Estudiantes <strong>1 \u2013 8<\/strong> Ferro Carril Sud<\/p>\n<p>Racing Azul <strong>1 \u2013 2<\/strong> Embajadores<\/p>\n<p>Municipales <strong>0 \u2013 2<\/strong> Sierra Chica<\/p>\n<hr \/>\n<ul>\n<li>\n<h6><strong>Pr\u00f3xima fecha en Primera Divisi\u00f3n (7\u00b0):<\/strong><\/h6>\n<\/li>\n<\/ul>\n<p><img data-recalc-dims=\"1\" loading=\"lazy\" decoding=\"async\" class=\"aligncenter size-full wp-image-41273\" src=\"https:\/\/i0.wp.com\/centraldeportes.com.ar\/wp-content\/uploads\/2023\/09\/Fecha-7-Clausura-Femenino.png?resize=533%2C177\" alt=\"\" width=\"533\" height=\"177\" \/><\/p>\n","protected":false},"excerpt":{"rendered":"<p>Las tres divisiones del f\u00fatbol menor femenino, junto con la categor\u00eda mayor, completaron el fin de semana pasado una nueva<\/p>\n","protected":false},"author":96739694,"featured_media":157376,"comment_status":"closed","ping_status":"closed","sticky":false,"template":"","format":"standard","meta":{"_jetpack_memberships_contains_paid_content":false,"footnotes":""},"categories":[47,35,1],"tags":[],"class_list":["post-137484","post","type-post","status-publish","format-standard","has-post-thumbnail","hentry","category-femenino","category-futbol","category-portada"],"jetpack_featured_media_url":"https:\/\/i0.wp.com\/cdnoticias.com\/wp-content\/uploads\/2023\/09\/fem-lfo-7.jpeg?fit=1600%2C1066&ssl=1","jetpack_sharing_enabled":true,"_links":{"self":[{"href":"https:\/\/cdnoticias.com\/index.php\/wp-json\/wp\/v2\/posts\/137484","targetHints":{"allow":["GET"]}}],"collection":[{"href":"https:\/\/cdnoticias.com\/index.php\/wp-json\/wp\/v2\/posts"}],"about":[{"href":"https:\/\/cdnoticias.com\/index.php\/wp-json\/wp\/v2\/types\/post"}],"author":[{"embeddable":true,"href":"https:\/\/cdnoticias.com\/index.php\/wp-json\/wp\/v2\/users\/96739694"}],"replies":[{"embeddable":true,"href":"https:\/\/cdnoticias.com\/index.php\/wp-json\/wp\/v2\/comments?post=137484"}],"version-history":[{"count":0,"href":"https:\/\/cdnoticias.com\/index.php\/wp-json\/wp\/v2\/posts\/137484\/revisions"}],"wp:featuredmedia":[{"embeddable":true,"href":"https:\/\/cdnoticias.com\/index.php\/wp-json\/wp\/v2\/media\/157376"}],"wp:attachment":[{"href":"https:\/\/cdnoticias.com\/index.php\/wp-json\/wp\/v2\/media?parent=137484"}],"wp:term":[{"taxonomy":"category","embeddable":true,"href":"https:\/\/cdnoticias.com\/index.php\/wp-json\/wp\/v2\/categories?post=137484"},{"taxonomy":"post_tag","embeddable":true,"href":"https:\/\/cdnoticias.com\/index.php\/wp-json\/wp\/v2\/tags?post=137484"}],"curies":[{"name":"wp","href":"https:\/\/api.w.org\/{rel}","templated":true}]}}