{"id":137483,"date":"2023-09-06T20:28:37","date_gmt":"2023-09-06T23:28:37","guid":{"rendered":"http:\/\/centraldeportes.com.ar\/?p=41244"},"modified":"2025-02-11T21:57:36","modified_gmt":"2025-02-12T00:57:36","slug":"queremos-mantener-lo-que-hicimos-el-semestre-pasado","status":"publish","type":"post","link":"https:\/\/cdnoticias.com\/index.php\/2023\/09\/06\/queremos-mantener-lo-que-hicimos-el-semestre-pasado\/","title":{"rendered":"\u201cQueremos mantener lo que hicimos el semestre pasado\u201d"},"content":{"rendered":"<p>Afirm\u00f3 Joaqu\u00edn Stular, autor del \u00fanico tanto en la victoria de Municipales frente a Racing por la 3\u00b0 fecha del torneo local. \u201cEstamos para pelear arriba\u201d, enfatiz\u00f3 el delantero.<!--more--><\/p>\n<hr \/>\n<p>El pasado domingo, el conjunto de \u201cFatiga\u201d Russo se impuso a domicilio en el Jos\u00e9 Buglione Martinese, abri\u00f3 la tercera cita del Torneo Oficial con un triunfo frente a Racing y <a href=\"http:\/\/centraldeportes.com.ar\/municipales-freno-a-racing-y-sumo-su-primer-triunfo-en-el-torneo\/\">sum\u00f3 sus primeros tres puntos<\/a> luego del debut en tablas contra Ferro.<\/p>\n<p>&nbsp;<\/p>\n<p>Finalizado el partido en el reducto \u201cChaira\u201d, <strong>Joaqu\u00edn Stular habl\u00f3 con el medio en el post partido<\/strong>: \u201c<em>Arrancamos bien y por ahora venimos invictos. <strong>Queremos mantener lo que hicimos en el semestre pasado, que fue muy bueno<\/strong><\/em>\u201d, manifest\u00f3 el autor del \u00fanico tanto de la jornada. Adem\u00e1s, recalc\u00f3 que \u201c<strong><em>la base est\u00e1, los refuerzos vinieron y hay muchas ganar para seguir adelante<\/em><\/strong>\u201d.<\/p>\n<p>&nbsp;<\/p>\n<p><img data-recalc-dims=\"1\" loading=\"lazy\" decoding=\"async\" class=\"aligncenter size-large wp-image-41246\" src=\"https:\/\/i0.wp.com\/centraldeportes.com.ar\/wp-content\/uploads\/2023\/09\/Joaqu%C3%ADn-Stular-Municipales1-1024x719.jpeg?resize=800%2C562\" alt=\"\" width=\"800\" height=\"562\" \/><\/p>\n<p>&nbsp;<\/p>\n<p>Tras lo sucedido en los noventa minutos, Racing no pudo aprovechar las ocasiones que gener\u00f3 no as\u00ed Municipales, que con el ingreso de las variantes encontraron frescura y pudieron aprovechar el bal\u00f3n detenido: \u201c<em><strong>Sufrimos, pero es f\u00fatbol<\/strong>. Cuando te atacan ten\u00e9s que estar preparado para defender y cuando te toca atacar a vos ten\u00e9s que meterlas. <strong>Fuimos contundentes, tuvimos buen juego y me voy conforme<\/strong><\/em>\u201d, detall\u00f3 Stular.<\/p>\n<p>&nbsp;<\/p>\n<blockquote><p>\u201cEstamos para pelear arriba. Queremos llegar lo m\u00e1s lejos posible para cuando arranque el Regional\u201d<\/p><\/blockquote>\n<p>&nbsp;<\/p>\n<p>Varias caras nuevas han llegado a la entidad del sindicato: \u201c<strong><em>Los vi muy bien, sueltos, a ninguno le cost\u00f3 acoplarse<\/em><\/strong>\u201d, sostuvo el delantero y luego finaliz\u00f3: \u201c<strong><em>Est\u00e1n en el grupo como si estuvieran desde el semestre pasado<\/em><\/strong>\u201d.<\/p>\n<p>&nbsp;<\/p>\n<p><em><strong>Fotos: Claudio Stular.<\/strong><\/em><\/p>\n","protected":false},"excerpt":{"rendered":"<p>Afirm\u00f3 Joaqu\u00edn Stular, autor del \u00fanico tanto en la victoria de Municipales frente a Racing por la 3\u00b0 fecha del<\/p>\n","protected":false},"author":96739694,"featured_media":157245,"comment_status":"closed","ping_status":"closed","sticky":false,"template":"","format":"standard","meta":{"_jetpack_memberships_contains_paid_content":false,"footnotes":""},"categories":[35,1,41],"tags":[],"class_list":["post-137483","post","type-post","status-publish","format-standard","has-post-thumbnail","hentry","category-futbol","category-portada","category-primera-y-reserva"],"jetpack_featured_media_url":"https:\/\/i0.wp.com\/cdnoticias.com\/wp-content\/uploads\/2023\/09\/Joaqu%C3%ADn-Stular-Municipales-e1694042857338.jpeg?fit=1251%2C738&ssl=1","jetpack_sharing_enabled":true,"_links":{"self":[{"href":"https:\/\/cdnoticias.com\/index.php\/wp-json\/wp\/v2\/posts\/137483","targetHints":{"allow":["GET"]}}],"collection":[{"href":"https:\/\/cdnoticias.com\/index.php\/wp-json\/wp\/v2\/posts"}],"about":[{"href":"https:\/\/cdnoticias.com\/index.php\/wp-json\/wp\/v2\/types\/post"}],"author":[{"embeddable":true,"href":"https:\/\/cdnoticias.com\/index.php\/wp-json\/wp\/v2\/users\/96739694"}],"replies":[{"embeddable":true,"href":"https:\/\/cdnoticias.com\/index.php\/wp-json\/wp\/v2\/comments?post=137483"}],"version-history":[{"count":0,"href":"https:\/\/cdnoticias.com\/index.php\/wp-json\/wp\/v2\/posts\/137483\/revisions"}],"wp:featuredmedia":[{"embeddable":true,"href":"https:\/\/cdnoticias.com\/index.php\/wp-json\/wp\/v2\/media\/157245"}],"wp:attachment":[{"href":"https:\/\/cdnoticias.com\/index.php\/wp-json\/wp\/v2\/media?parent=137483"}],"wp:term":[{"taxonomy":"category","embeddable":true,"href":"https:\/\/cdnoticias.com\/index.php\/wp-json\/wp\/v2\/categories?post=137483"},{"taxonomy":"post_tag","embeddable":true,"href":"https:\/\/cdnoticias.com\/index.php\/wp-json\/wp\/v2\/tags?post=137483"}],"curies":[{"name":"wp","href":"https:\/\/api.w.org\/{rel}","templated":true}]}}