{"id":137481,"date":"2023-09-06T18:07:28","date_gmt":"2023-09-06T21:07:28","guid":{"rendered":"http:\/\/centraldeportes.com.ar\/?p=41236"},"modified":"2025-02-11T21:57:39","modified_gmt":"2025-02-12T00:57:39","slug":"premier-padel-primer-desafio-superado-para-chingotto-navarro","status":"publish","type":"post","link":"https:\/\/cdnoticias.com\/index.php\/2023\/09\/06\/premier-padel-primer-desafio-superado-para-chingotto-navarro\/","title":{"rendered":"Premier Padel: primer desaf\u00edo superado para Chingotto \u2013 Navarro"},"content":{"rendered":"<p>Este mi\u00e9rcoles, el olavarriense y su par espa\u00f1ol se abrieron paso en el Major de Par\u00eds y debutaron en el cuadro principal con una victoria en sets corridos.<!--more--><\/p>\n<hr \/>\n<p>El circuito profesional gestionado por la <strong>Federaci\u00f3n Internacional de P\u00e1del<\/strong> volvi\u00f3 a la acci\u00f3n luego de un mes y arrib\u00f3 a <strong>Par\u00eds<\/strong> para el desarrollo del <strong>quinto torneo de la temporada 2023<\/strong>.<\/p>\n<p>&nbsp;<\/p>\n<p>Este mi\u00e9rcoles, <strong>Federico Chingotto y Francisco Navarro<\/strong> se presentaron en el 20&#215;10 del <strong>Stade Roland Garros<\/strong> y debutaron en el cuadro principal frente a la experimentada dupla integrada por el bahiense <strong>Miguel Lamperti<\/strong> y el nacido en Mar del Plata, <strong>Juan Mart\u00edn D\u00edaz<\/strong>. Fue festejo en sets consecutivos para \u201cChingo\u201d y \u201cPaquito\u201d.<\/p>\n<p>&nbsp;<\/p>\n<p>Con un rotundo <strong>6 \u2013 1<\/strong> en el primer set y luego un re\u00f1ido <strong>7 \u2013 6 (5)<\/strong> en el segundo, \u201cChingo\u201d y \u201cPaquito\u201d se impusieron en la alfombra francesa tras una hora y cuarenta y tres minutos de partido y clasificaron a la siguiente ronda del certamen.<\/p>\n<p>&nbsp;<\/p>\n<p>Este jueves, <strong>en instancias de octavos de final, enfrentar\u00e1n a la pareja espa\u00f1ola de Jairo Bautista y Jaime Mu\u00f1o<\/strong>z en b\u00fasqueda del boleto a la siguiente fase.<\/p>\n<p>&nbsp;<\/p>\n<p><em><strong>Foto: Premier Padel.<\/strong><\/em><\/p>\n","protected":false},"excerpt":{"rendered":"<p>Este mi\u00e9rcoles, el olavarriense y su par espa\u00f1ol se abrieron paso en el Major de Par\u00eds y debutaron en el<\/p>\n","protected":false},"author":96739694,"featured_media":157249,"comment_status":"closed","ping_status":"closed","sticky":false,"template":"","format":"standard","meta":{"_jetpack_memberships_contains_paid_content":false,"footnotes":""},"categories":[30,1,55],"tags":[],"class_list":["post-137481","post","type-post","status-publish","format-standard","has-post-thumbnail","hentry","category-polideportivo","category-portada","category-tenis-padel"],"jetpack_featured_media_url":"https:\/\/i0.wp.com\/cdnoticias.com\/wp-content\/uploads\/2023\/09\/Chingotto-Roland-Garros-2023-e1694034427780.jpg?fit=1638%2C1024&ssl=1","jetpack_sharing_enabled":true,"_links":{"self":[{"href":"https:\/\/cdnoticias.com\/index.php\/wp-json\/wp\/v2\/posts\/137481","targetHints":{"allow":["GET"]}}],"collection":[{"href":"https:\/\/cdnoticias.com\/index.php\/wp-json\/wp\/v2\/posts"}],"about":[{"href":"https:\/\/cdnoticias.com\/index.php\/wp-json\/wp\/v2\/types\/post"}],"author":[{"embeddable":true,"href":"https:\/\/cdnoticias.com\/index.php\/wp-json\/wp\/v2\/users\/96739694"}],"replies":[{"embeddable":true,"href":"https:\/\/cdnoticias.com\/index.php\/wp-json\/wp\/v2\/comments?post=137481"}],"version-history":[{"count":0,"href":"https:\/\/cdnoticias.com\/index.php\/wp-json\/wp\/v2\/posts\/137481\/revisions"}],"wp:featuredmedia":[{"embeddable":true,"href":"https:\/\/cdnoticias.com\/index.php\/wp-json\/wp\/v2\/media\/157249"}],"wp:attachment":[{"href":"https:\/\/cdnoticias.com\/index.php\/wp-json\/wp\/v2\/media?parent=137481"}],"wp:term":[{"taxonomy":"category","embeddable":true,"href":"https:\/\/cdnoticias.com\/index.php\/wp-json\/wp\/v2\/categories?post=137481"},{"taxonomy":"post_tag","embeddable":true,"href":"https:\/\/cdnoticias.com\/index.php\/wp-json\/wp\/v2\/tags?post=137481"}],"curies":[{"name":"wp","href":"https:\/\/api.w.org\/{rel}","templated":true}]}}