{"id":137476,"date":"2023-09-06T00:27:53","date_gmt":"2023-09-06T03:27:53","guid":{"rendered":"http:\/\/centraldeportes.com.ar\/?p=41198"},"modified":"2025-02-11T21:57:47","modified_gmt":"2025-02-12T00:57:47","slug":"el-future-m15-comenzo-con-los-cruces-del-cuadro-principal","status":"publish","type":"post","link":"https:\/\/cdnoticias.com\/index.php\/2023\/09\/06\/el-future-m15-comenzo-con-los-cruces-del-cuadro-principal\/","title":{"rendered":"El Future M15 comenz\u00f3 con los cruces del cuadro principal"},"content":{"rendered":"<p>Con una docena de partidos entre singles y dobles, este martes se puso en marcha la etapa principal del torneo profesional de tenis en La Pedrera. Este mi\u00e9rcoles debutan Descotte, Midon y Guido. La entrada es libre y gratuita.<!--more--><\/p>\n<hr \/>\n<p>Olavarr\u00eda, por intermedio del <strong>Complejo La Pedrera<\/strong>, respira tenis de gran nivel con el desarrollo del <strong>Future M15 World Tenis Tour<\/strong>, el cuarto dentro de los torneos m\u00e1s importantes de la disciplina el cual repartir\u00e1 15 mil d\u00f3lares en premios y puntos para el ranking ATP.<\/p>\n<p>&nbsp;<\/p>\n<p>Con la participaci\u00f3n de tenistas argentinos y de diferentes puntos de Sudam\u00e9rica, el certamen dio inicio el pasado martes 29 de agosto con la Pre-Qualy y posteriormente se extendi\u00f3 hasta el pasado fin de semana con la Qualy (Clasificaci\u00f3n). En dicha instancia sacaron boleto un total de ocho deportistas, que se acoplaron a la n\u00f3mina de Primera Ronda junto con los beneficiarios de la Wild Card.<\/p>\n<p>&nbsp;<\/p>\n<p>Asimismo, con ocho cruces en singles y cuatro en dobles, <strong>este martes se puso en marcha el cuadro principal en los courts de tierra batida de La Pedrera<\/strong>. Hubo victorias para Sean Hess, Tom\u00e1s Mart\u00ednez, Franco Roncadelli (Uruguay), Amador Salazar (Chile), Leonardo Monferrer, Alejandro Hoyos (Colombia), Thiago Cigarran y Santiago Bramajo.<\/p>\n<p>&nbsp;<\/p>\n<p>Este mi\u00e9rcoles se llevar\u00e1 a cabo el segundo d\u00eda de competencias y ser\u00e1 con la participaci\u00f3n de los argentinos <strong>Mat\u00edas Descotte, Lautaro Midon e Iv\u00e1n Guido, Seed 1, 2 y 3 respectivamente<\/strong>. La jornada dar\u00e1 inicio a partir de las 10:00 horas. Vale recordar que <strong>el evento es con entrada libre y gratuita<\/strong> y se extender\u00e1 hasta el pr\u00f3ximo domingo 10.<\/p>\n<p>&nbsp;<\/p>\n<p><img data-recalc-dims=\"1\" loading=\"lazy\" decoding=\"async\" class=\"aligncenter size-large wp-image-41200\" src=\"https:\/\/i0.wp.com\/centraldeportes.com.ar\/wp-content\/uploads\/2023\/09\/M15-La-Pedrera1-1024x681.jpg?resize=800%2C532\" alt=\"\" width=\"800\" height=\"532\" \/><\/p>\n<p>&nbsp;<\/p>\n<ul>\n<li>\n<h6><strong>Los resultados:<\/strong><\/h6>\n<\/li>\n<\/ul>\n<p>&nbsp;<\/p>\n<h6>Singles \u2013 Primera Ronda<\/h6>\n<p>&nbsp;<\/p>\n<p><strong>Sean Hess (ARG)<\/strong> a Bautista Vilicich (ARG): 6 \u2013 3 y 6 \u2013 4.<\/p>\n<p><strong>Tom\u00e1s Mart\u00ednez (ARG)<\/strong> a Felipe Pagnacco (ARG): 2 \u2013 6, 6 \u2013 2 y 6 \u2013 1.<\/p>\n<p><strong>Franco Roncadelli (URU)<\/strong> a Nicol\u00e1s Hollender (ARG): 6 \u2013 0 y 6 \u2013 4.<\/p>\n<p><strong>Amador Salazar (CHI)<\/strong> a Pedro Rodrigues (BRA): 6 \u2013 2 y 6 \u2013 3.<\/p>\n<p><strong>Leonardo Monferrer (ARG)<\/strong> a Gino Romano (ARG): 6 \u2013 7, 6 \u2013 3 y 6 \u2013 3.<\/p>\n<p><strong>Alejandro Hoyos (COL)<\/strong> a Felipe De Dios (ARG): 6 \u2013 3 y 6 \u2013 2.<\/p>\n<p><strong>Thiago Cigarran (ARG)<\/strong> a Federico Levi (ARG): 6 \u2013 1, 2 \u2013 6 y 6 \u2013 0.<\/p>\n<p><strong>Santiago Bramajo (ARG)<\/strong> a Francisco Pini (ARG): 6 \u2013 0 y 6 \u2013 2.<\/p>\n<p>&nbsp;<\/p>\n<h6>Dobles \u2013 Octavos de final<\/h6>\n<p>&nbsp;<\/p>\n<p><strong>Lautaro Corthey (ARG) y Nikos Lehmann (ARG)<\/strong> a Juan Estevez (ARG) y Alberto Alvarado (PER): 6 \u2013 2 y 7 \u2013 6.<\/p>\n<p><strong>Mateo Del Pino (ARG) y Franco Ribero (ARG)<\/strong> a Francisco Pini (ARG) y Lucio Ratti (ARG): 6 \u2013 2 y 6 \u2013 1.<\/p>\n<p><strong>Joao Couto (BRA) y Gilbert Junior (BRA)<\/strong> a Juan Cruz Collardin (ARG) y Felipe Pagnacco (ARG): 6 \u2013 2 y 6 \u2013 3.<\/p>\n<p><strong>Ignacio Carou (URU) y Mariano Kestelboim (ARG)<\/strong> a Lautaro Midon (ARG) y Alejo Lingua (ARG): 6 \u2013 3 y 6 \u2013 3.<\/p>\n<p>&nbsp;<\/p>\n<p><em><strong>Fotos: Prensa La Pedrera.<\/strong><\/em><\/p>\n","protected":false},"excerpt":{"rendered":"<p>Con una docena de partidos entre singles y dobles, este martes se puso en marcha la etapa principal del torneo<\/p>\n","protected":false},"author":96739694,"featured_media":157261,"comment_status":"closed","ping_status":"closed","sticky":false,"template":"","format":"standard","meta":{"_jetpack_memberships_contains_paid_content":false,"footnotes":""},"categories":[30,1],"tags":[],"class_list":["post-137476","post","type-post","status-publish","format-standard","has-post-thumbnail","hentry","category-polideportivo","category-portada"],"jetpack_featured_media_url":"https:\/\/i0.wp.com\/cdnoticias.com\/wp-content\/uploads\/2023\/09\/M15-La-Pedrera-e1693970802536.jpg?fit=1300%2C780&ssl=1","jetpack_sharing_enabled":true,"_links":{"self":[{"href":"https:\/\/cdnoticias.com\/index.php\/wp-json\/wp\/v2\/posts\/137476","targetHints":{"allow":["GET"]}}],"collection":[{"href":"https:\/\/cdnoticias.com\/index.php\/wp-json\/wp\/v2\/posts"}],"about":[{"href":"https:\/\/cdnoticias.com\/index.php\/wp-json\/wp\/v2\/types\/post"}],"author":[{"embeddable":true,"href":"https:\/\/cdnoticias.com\/index.php\/wp-json\/wp\/v2\/users\/96739694"}],"replies":[{"embeddable":true,"href":"https:\/\/cdnoticias.com\/index.php\/wp-json\/wp\/v2\/comments?post=137476"}],"version-history":[{"count":0,"href":"https:\/\/cdnoticias.com\/index.php\/wp-json\/wp\/v2\/posts\/137476\/revisions"}],"wp:featuredmedia":[{"embeddable":true,"href":"https:\/\/cdnoticias.com\/index.php\/wp-json\/wp\/v2\/media\/157261"}],"wp:attachment":[{"href":"https:\/\/cdnoticias.com\/index.php\/wp-json\/wp\/v2\/media?parent=137476"}],"wp:term":[{"taxonomy":"category","embeddable":true,"href":"https:\/\/cdnoticias.com\/index.php\/wp-json\/wp\/v2\/categories?post=137476"},{"taxonomy":"post_tag","embeddable":true,"href":"https:\/\/cdnoticias.com\/index.php\/wp-json\/wp\/v2\/tags?post=137476"}],"curies":[{"name":"wp","href":"https:\/\/api.w.org\/{rel}","templated":true}]}}