{"id":137475,"date":"2023-09-05T21:12:43","date_gmt":"2023-09-06T00:12:43","guid":{"rendered":"http:\/\/centraldeportes.com.ar\/?p=41192"},"modified":"2025-02-11T21:57:49","modified_gmt":"2025-02-12T00:57:49","slug":"goles-clasificados-y-nutrida-presencia-local-en-otra-cita-del-federal-a","status":"publish","type":"post","link":"https:\/\/cdnoticias.com\/index.php\/2023\/09\/05\/goles-clasificados-y-nutrida-presencia-local-en-otra-cita-del-federal-a\/","title":{"rendered":"Goles, clasificados y nutrida presencia local en otra cita del Federal A"},"content":{"rendered":"<p>La tercera categor\u00eda del f\u00fatbol argentino disput\u00f3 la 28\u00b0 fecha del campeonato y tuvo la participaci\u00f3n de muchos representantes olavarrienses.<!--more--><\/p>\n<hr \/>\n<p>Las cuatro zonas del <strong>Torneo Federal A<\/strong> jugaron el fin de semana la <strong>28\u00b0 cita del certamen<\/strong>, con nutrida presencia local y las clasificaciones de Ciudad de Bol\u00edvar y Olimpo de Bah\u00eda Blanca al Reducido Final.<\/p>\n<p>&nbsp;<\/p>\n<p>Por la Zona B, \u201cLas \u00c1guilas\u201d bolivarenses derrotaron 2 a 0 a Estudiantes de San Luis en el Estadio Municipal Eva Per\u00f3n con <a href=\"http:\/\/centraldeportes.com.ar\/con-aporte-goleador-de-troncoso-ciudad-clasifico-a-octavos-del-federal-a\/\">aporte goleador de Alfredo Troncoso<\/a>, autor del segundo tanto. <strong>El delantero lleva ya 8 goles en lo que va del campeonato<\/strong>.<\/p>\n<p>&nbsp;<\/p>\n<p>Bajo el mismo grupo, Juventud Unida de San Luis volvi\u00f3 a ganar y gole\u00f3 4 a 0 a Sportivo Atenas de R\u00edo Cuarto en el Juan Gilberto Funes. El equipo de los olavarrienses <strong>Nicol\u00e1s Serantes<\/strong> (AC) y <strong>Mat\u00edas Gonz\u00e1lez<\/strong> (PF) contin\u00faa tercero en la zona y con aspiraciones de clasificaci\u00f3n.<\/p>\n<p>&nbsp;<\/p>\n<p>El l\u00edder indiscutido de la Zona C, Douglas Haig, venci\u00f3 a domicilio 2 a 1 a Sportivo Las Parejas con la participaci\u00f3n titular de <strong>Agust\u00edn Osinaga<\/strong> en la zaga defensiva, quien disput\u00f3 todo el cotejo. A su vez, con los tres puntos conseguidos, el \u201cFogonero\u201d logr\u00f3 la clasificaci\u00f3n a la Copa Argentina 2024.<\/p>\n<p>&nbsp;<\/p>\n<figure id=\"attachment_41196\" aria-describedby=\"caption-attachment-41196\" style=\"width: 800px\" class=\"wp-caption aligncenter\"><img data-recalc-dims=\"1\" loading=\"lazy\" decoding=\"async\" class=\"wp-image-41196 size-large\" src=\"https:\/\/i0.wp.com\/centraldeportes.com.ar\/wp-content\/uploads\/2023\/09\/Agust%C3%ADn-Osinaga-Douglas-Haig-Fecha-28-e1693966035592-1024x657.jpg?resize=800%2C513\" alt=\"\" width=\"800\" height=\"513\" \/><figcaption id=\"caption-attachment-41196\" class=\"wp-caption-text\">Cr\u00e9dito: Club Atl\u00e9tico Douglas Haig<\/figcaption><\/figure>\n<p>&nbsp;<\/p>\n<p>Por otro lado, el pasado domingo en Nicanor Otamendi, C\u00edrculo Deportivo perdi\u00f3 2 a 1 con Cipolletti y tuvo a <strong>Diego San Juli\u00e1n<\/strong> jugando desde el arranque. El ex Ferro cumpli\u00f3 funciones hasta los 42\u2019 del complemento ya que luego sali\u00f3 reemplazado por Diego Mart\u00ednez.<\/p>\n<p>&nbsp;<\/p>\n<p>A la par, el duelo estuvo arbitrado por representantes de la Asociaci\u00f3n \u00c1rbitros de Olavarr\u00eda. <strong>Nicol\u00e1s Moreno<\/strong> fue el Asistente N\u00b0 2 y <strong>Agustina Loos<\/strong> cuarto \u00c1rbitro.<\/p>\n<p>&nbsp;<\/p>\n<p>El duelo local en General Cerri fue para Sansinena, que le gan\u00f3 1 a 0 a Santamarina sobre la hora con las presencias titulares de los defensores <strong>Facundo Wiechniak y Leonardo Vitale<\/strong>, mientras que en el \u201cSanta\u201d <strong>Quimey Mar\u00edn<\/strong> tambi\u00e9n form\u00f3 parte del once inicial.<\/p>\n<p>&nbsp;<\/p>\n<p>En el \u201cTripero\u201d, Leo Vitale fue sustituido a los 65\u2019 por Ricardo Rojas, el autor del gol. A su vez, en el conjunto tandilense, Mar\u00edn jug\u00f3 hasta los 15\u2019 del segundo tiempo y fue reemplazado por Enzo Galabert.<\/p>\n<p>&nbsp;<\/p>\n<p>Por \u00faltimo, en el Roberto Carminatti, Olimpo gole\u00f3 3 a 0 a Germinal de Rawson y sac\u00f3 boleto directo a los octavos de final del torneo. <strong>Nadir Hadad<\/strong> fue opci\u00f3n de cambio y pis\u00f3 el verde c\u00e9sped a los 81\u2019 en lugar de Cristian Amarilla.<\/p>\n<p>&nbsp;<\/p>\n<p><em><strong>Foto: Prensa Santamarina.<\/strong><\/em><\/p>\n","protected":false},"excerpt":{"rendered":"<p>La tercera categor\u00eda del f\u00fatbol argentino disput\u00f3 la 28\u00b0 fecha del campeonato y tuvo la participaci\u00f3n de muchos representantes olavarrienses.<\/p>\n","protected":false},"author":96739694,"featured_media":157264,"comment_status":"closed","ping_status":"closed","sticky":false,"template":"","format":"standard","meta":{"_jetpack_memberships_contains_paid_content":false,"footnotes":""},"categories":[35,37,1],"tags":[],"class_list":["post-137475","post","type-post","status-publish","format-standard","has-post-thumbnail","hentry","category-futbol","category-futbol-profesional","category-portada"],"jetpack_featured_media_url":"https:\/\/i0.wp.com\/cdnoticias.com\/wp-content\/uploads\/2023\/09\/WhatsApp-Image-2023-09-05-at-21.10.01-e1693959142863.jpeg?fit=1228%2C712&ssl=1","jetpack_sharing_enabled":true,"_links":{"self":[{"href":"https:\/\/cdnoticias.com\/index.php\/wp-json\/wp\/v2\/posts\/137475","targetHints":{"allow":["GET"]}}],"collection":[{"href":"https:\/\/cdnoticias.com\/index.php\/wp-json\/wp\/v2\/posts"}],"about":[{"href":"https:\/\/cdnoticias.com\/index.php\/wp-json\/wp\/v2\/types\/post"}],"author":[{"embeddable":true,"href":"https:\/\/cdnoticias.com\/index.php\/wp-json\/wp\/v2\/users\/96739694"}],"replies":[{"embeddable":true,"href":"https:\/\/cdnoticias.com\/index.php\/wp-json\/wp\/v2\/comments?post=137475"}],"version-history":[{"count":0,"href":"https:\/\/cdnoticias.com\/index.php\/wp-json\/wp\/v2\/posts\/137475\/revisions"}],"wp:featuredmedia":[{"embeddable":true,"href":"https:\/\/cdnoticias.com\/index.php\/wp-json\/wp\/v2\/media\/157264"}],"wp:attachment":[{"href":"https:\/\/cdnoticias.com\/index.php\/wp-json\/wp\/v2\/media?parent=137475"}],"wp:term":[{"taxonomy":"category","embeddable":true,"href":"https:\/\/cdnoticias.com\/index.php\/wp-json\/wp\/v2\/categories?post=137475"},{"taxonomy":"post_tag","embeddable":true,"href":"https:\/\/cdnoticias.com\/index.php\/wp-json\/wp\/v2\/tags?post=137475"}],"curies":[{"name":"wp","href":"https:\/\/api.w.org\/{rel}","templated":true}]}}