{"id":137462,"date":"2023-09-03T19:33:02","date_gmt":"2023-09-03T22:33:02","guid":{"rendered":"http:\/\/centraldeportes.com.ar\/?p=41089"},"modified":"2025-02-11T21:58:16","modified_gmt":"2025-02-12T00:58:16","slug":"torneo-local-la-3-fecha-paso-y-dejo-dos-lideres","status":"publish","type":"post","link":"https:\/\/cdnoticias.com\/index.php\/2023\/09\/03\/torneo-local-la-3-fecha-paso-y-dejo-dos-lideres\/","title":{"rendered":"Torneo local: la 3\u00b0 fecha pas\u00f3 y dej\u00f3 dos l\u00edderes"},"content":{"rendered":"<p>Con acci\u00f3n en seis escenarios de la ciudad, este domingo se disput\u00f3 una nueva jornada del certamen liguista organizado por la Liga de F\u00fatbol de Olavarr\u00eda. Fueron todos festejos: cuatro de local y dos de visitante.<!--more--><\/p>\n<hr \/>\n<p>A lo largo de este domingo, el campeonato Oficial de Primera Divisi\u00f3n y Reserva tuvo continuidad con el \u00edntegro transcurso de la 3\u00b0 cita en seis canchas de nuestra ciudad.<\/p>\n<p>&nbsp;<\/p>\n<p>En la apertura de la fecha, <strong>Municipales<\/strong> fren\u00f3 a <strong>Racing<\/strong> y le gan\u00f3 por la m\u00ednima diferencia. A su vez, <strong>Estudiantes<\/strong> y <strong>El Fort\u00edn<\/strong> golearon y son l\u00edderes del certamen, mientras que <strong>San Mart\u00edn, Ferro y Embajadores<\/strong> tambi\u00e9n registraron victorias.<\/p>\n<p>&nbsp;<\/p>\n<p>Por su parte en Reserva, el \u201cBataraz\u201d lidera en soledad con puntaje ideal y es seguido de cerca por el conjunto \u201cFortinero\u201d.<\/p>\n<p>&nbsp;<\/p>\n\n<p>&nbsp;<\/p>\n<ul>\n<li>\n<h6><strong>Resultados:<\/strong><\/h6>\n<\/li>\n<\/ul>\n<p>&nbsp;<\/p>\n<h6>Primera Divisi\u00f3n<\/h6>\n<p>&nbsp;<\/p>\n<p><a href=\"http:\/\/centraldeportes.com.ar\/municipales-freno-a-racing-y-sumo-su-primer-triunfo-en-el-torneo\/\"><strong>Racing 0 \u2013 1 Municipales<\/strong> (Joaqu\u00edn Stular)<\/a><\/p>\n<p><strong>Estudiantes<\/strong> (Ram\u00f3n Galotti -3-, Gonzalo P\u00e1ez, Juan Jos\u00e9 Longhini -2- y Franco Vignale)<strong> 7 \u2013 1 Luj\u00e1n<\/strong> (C\u00e9sar Maguna)<\/p>\n<p><strong>Ferro Carril Sud<\/strong> (Rodrigo Garro) <strong>1 \u2013 0 Sierra Chica<\/strong><\/p>\n<p><strong>San Mart\u00edn<\/strong> (Valent\u00edn Saloi\u00f1a) <strong>1 \u2013 0 Hinojo<\/strong><\/p>\n<p><strong>Espigas 0 \u2013 3 El Fort\u00edn<\/strong> (Ariel Tolosa, Sebasti\u00e1n Rodr\u00edguez y Leonardo Benito)<\/p>\n<p><strong>Embajadores<\/strong> (Nicol\u00e1s Lareu -2-, Nicol\u00e1s Daffara y Bruno Di Bello) <strong>4 \u2013 0 Loma Negra<\/strong><\/p>\n<p>&nbsp;<\/p>\n<p><img data-recalc-dims=\"1\" loading=\"lazy\" decoding=\"async\" class=\"aligncenter size-full wp-image-41109\" src=\"https:\/\/i0.wp.com\/centraldeportes.com.ar\/wp-content\/uploads\/2023\/09\/Posiciones-3%C2%B0-Fecha-Primera.png?resize=784%2C573\" alt=\"\" width=\"784\" height=\"573\" \/><\/p>\n<p>&nbsp;<\/p>\n<h6>Reserva<\/h6>\n<p>&nbsp;<\/p>\n<p>Racing <strong>4 \u2013 0<\/strong> Municipales<\/p>\n<p>Estudiantes <strong>4 \u2013 0<\/strong> Luj\u00e1n<\/p>\n<p>Ferro Carril Sud <strong>2 \u2013 2<\/strong> Sierra Chica<\/p>\n<p>San Mart\u00edn <strong>2 \u2013 1<\/strong> Hinojo<\/p>\n<p>Espigas <strong>1 \u2013 2<\/strong> El Fort\u00edn<\/p>\n<p>Embajadores <strong>3 \u2013 2<\/strong> Loma Negra<\/p>\n<p>&nbsp;<\/p>\n<p><img data-recalc-dims=\"1\" loading=\"lazy\" decoding=\"async\" class=\"aligncenter size-full wp-image-41110\" src=\"https:\/\/i0.wp.com\/centraldeportes.com.ar\/wp-content\/uploads\/2023\/09\/Posiciones-3%C2%B0-fecha-Reserva.png?resize=783%2C571\" alt=\"\" width=\"783\" height=\"571\" \/><\/p>\n<hr \/>\n<ul>\n<li>\n<h6><strong>Pr\u00f3xima fecha (4\u00b0):<\/strong><\/h6>\n<\/li>\n<\/ul>\n<p><img data-recalc-dims=\"1\" loading=\"lazy\" decoding=\"async\" class=\"aligncenter size-full wp-image-41111\" src=\"https:\/\/i0.wp.com\/centraldeportes.com.ar\/wp-content\/uploads\/2023\/09\/Fecha-4.png?resize=493%2C229\" alt=\"\" width=\"493\" height=\"229\" \/><\/p>\n<p>&nbsp;<\/p>\n<p><em><strong>Fotos: Verito Fotograf\u00edas.<\/strong><\/em><\/p>\n","protected":false},"excerpt":{"rendered":"<p>Con acci\u00f3n en seis escenarios de la ciudad, este domingo se disput\u00f3 una nueva jornada del certamen liguista organizado por<\/p>\n","protected":false},"author":96739694,"featured_media":157304,"comment_status":"closed","ping_status":"closed","sticky":false,"template":"","format":"standard","meta":{"_jetpack_memberships_contains_paid_content":false,"footnotes":""},"categories":[35,1,41],"tags":[],"class_list":["post-137462","post","type-post","status-publish","format-standard","has-post-thumbnail","hentry","category-futbol","category-portada","category-primera-y-reserva"],"jetpack_featured_media_url":"https:\/\/i0.wp.com\/cdnoticias.com\/wp-content\/uploads\/2023\/09\/Ferro-vs-Sierra-Chica-3%C2%B0-fecha-Torneo-Oficial2.jpeg?fit=1599%2C1066&ssl=1","jetpack_sharing_enabled":true,"_links":{"self":[{"href":"https:\/\/cdnoticias.com\/index.php\/wp-json\/wp\/v2\/posts\/137462","targetHints":{"allow":["GET"]}}],"collection":[{"href":"https:\/\/cdnoticias.com\/index.php\/wp-json\/wp\/v2\/posts"}],"about":[{"href":"https:\/\/cdnoticias.com\/index.php\/wp-json\/wp\/v2\/types\/post"}],"author":[{"embeddable":true,"href":"https:\/\/cdnoticias.com\/index.php\/wp-json\/wp\/v2\/users\/96739694"}],"replies":[{"embeddable":true,"href":"https:\/\/cdnoticias.com\/index.php\/wp-json\/wp\/v2\/comments?post=137462"}],"version-history":[{"count":0,"href":"https:\/\/cdnoticias.com\/index.php\/wp-json\/wp\/v2\/posts\/137462\/revisions"}],"wp:featuredmedia":[{"embeddable":true,"href":"https:\/\/cdnoticias.com\/index.php\/wp-json\/wp\/v2\/media\/157304"}],"wp:attachment":[{"href":"https:\/\/cdnoticias.com\/index.php\/wp-json\/wp\/v2\/media?parent=137462"}],"wp:term":[{"taxonomy":"category","embeddable":true,"href":"https:\/\/cdnoticias.com\/index.php\/wp-json\/wp\/v2\/categories?post=137462"},{"taxonomy":"post_tag","embeddable":true,"href":"https:\/\/cdnoticias.com\/index.php\/wp-json\/wp\/v2\/tags?post=137462"}],"curies":[{"name":"wp","href":"https:\/\/api.w.org\/{rel}","templated":true}]}}