{"id":137452,"date":"2023-09-01T23:57:05","date_gmt":"2023-09-02T02:57:05","guid":{"rendered":"http:\/\/centraldeportes.com.ar\/?p=41009"},"modified":"2025-02-11T21:13:36","modified_gmt":"2025-02-12T00:13:36","slug":"dirigentes-de-entidades-deportivas-escucharon-a-sacheri","status":"publish","type":"post","link":"https:\/\/cdnoticias.com\/index.php\/2023\/09\/01\/dirigentes-de-entidades-deportivas-escucharon-a-sacheri\/","title":{"rendered":"Dirigentes de entidades deportivas escucharon a Sacheri"},"content":{"rendered":"<p>En instalaciones de la Casa del Deporte disert\u00f3 Oscar Sacheri, de la Consultora Deportiva Gesta y m\u00e1s de 50 dirigentes de diferentes entidades deportivas locales escucharon atentamente.<!--more--><\/p>\n<hr \/>\n<p>La jornada de capacitaci\u00f3n que estuvo organizada por la Subsecretar\u00eda de Deportes y Recreaci\u00f3n, a trav\u00e9s de la Direcci\u00f3n de Gesti\u00f3n Deportiva y cont\u00f3 con el auspicio de la Universidad del Museo Social Argentino (UMSA) y la Consultora Deportiva Gesta, hizo hincapi\u00e9 en la importancia del rol dirigencial para el buen funcionamiento de las entidades.<\/p>\n<p>&nbsp;<\/p>\n<p>Buena respuesta de los representantes de las entidades locales que adem\u00e1s de escuchar al profesional, evacuaron dudas, preguntaron y recibieron un certificado de asistencia, adem\u00e1s de contenido educativo para continuar perfeccion\u00e1ndose.<\/p>\n<p>&nbsp;<\/p>\n\n<p>&nbsp;<\/p>\n<p>Dentro de los presentes tambi\u00e9n estuvieron Juan Agust\u00edn Galli y Oscar Gonz\u00e1lez, Subsecretario de Deporte y Recreaci\u00f3n y el Director de Gesti\u00f3n Deportiva.<\/p>\n","protected":false},"excerpt":{"rendered":"<p>En instalaciones de la Casa del Deporte disert\u00f3 Oscar Sacheri, de la Consultora Deportiva Gesta y m\u00e1s de 50 dirigentes<\/p>\n","protected":false},"author":96739694,"featured_media":157198,"comment_status":"closed","ping_status":"closed","sticky":false,"template":"","format":"standard","meta":{"_jetpack_memberships_contains_paid_content":false,"footnotes":""},"categories":[30,1],"tags":[],"class_list":["post-137452","post","type-post","status-publish","format-standard","has-post-thumbnail","hentry","category-polideportivo","category-portada"],"jetpack_featured_media_url":"https:\/\/i0.wp.com\/cdnoticias.com\/wp-content\/uploads\/2023\/09\/WhatsApp-Image-2023-09-01-at-23.54.14-1.jpeg?fit=1040%2C694&ssl=1","jetpack_sharing_enabled":true,"_links":{"self":[{"href":"https:\/\/cdnoticias.com\/index.php\/wp-json\/wp\/v2\/posts\/137452","targetHints":{"allow":["GET"]}}],"collection":[{"href":"https:\/\/cdnoticias.com\/index.php\/wp-json\/wp\/v2\/posts"}],"about":[{"href":"https:\/\/cdnoticias.com\/index.php\/wp-json\/wp\/v2\/types\/post"}],"author":[{"embeddable":true,"href":"https:\/\/cdnoticias.com\/index.php\/wp-json\/wp\/v2\/users\/96739694"}],"replies":[{"embeddable":true,"href":"https:\/\/cdnoticias.com\/index.php\/wp-json\/wp\/v2\/comments?post=137452"}],"version-history":[{"count":0,"href":"https:\/\/cdnoticias.com\/index.php\/wp-json\/wp\/v2\/posts\/137452\/revisions"}],"wp:featuredmedia":[{"embeddable":true,"href":"https:\/\/cdnoticias.com\/index.php\/wp-json\/wp\/v2\/media\/157198"}],"wp:attachment":[{"href":"https:\/\/cdnoticias.com\/index.php\/wp-json\/wp\/v2\/media?parent=137452"}],"wp:term":[{"taxonomy":"category","embeddable":true,"href":"https:\/\/cdnoticias.com\/index.php\/wp-json\/wp\/v2\/categories?post=137452"},{"taxonomy":"post_tag","embeddable":true,"href":"https:\/\/cdnoticias.com\/index.php\/wp-json\/wp\/v2\/tags?post=137452"}],"curies":[{"name":"wp","href":"https:\/\/api.w.org\/{rel}","templated":true}]}}