{"id":137449,"date":"2023-09-01T17:20:27","date_gmt":"2023-09-01T20:20:27","guid":{"rendered":"http:\/\/centraldeportes.com.ar\/?p=40999"},"modified":"2025-02-11T21:13:40","modified_gmt":"2025-02-12T00:13:40","slug":"braian-guille-vestira-la-camiseta-de-colon-de-santa-fe","status":"publish","type":"post","link":"https:\/\/cdnoticias.com\/index.php\/2023\/09\/01\/braian-guille-vestira-la-camiseta-de-colon-de-santa-fe\/","title":{"rendered":"Braian Guille vestir\u00e1 la camiseta de Col\u00f3n de Santa Fe"},"content":{"rendered":"<p>Tras rescindir contrato con Atl\u00e9tico Tucum\u00e1n, el mediapunta olavarriense lleg\u00f3 a un acuerdo con el \u201cSabalero\u201d y seguir\u00e1 su carrera en Primera Divisi\u00f3n.<!--more--><\/p>\n<hr \/>\n<p>El cierre del libro de pases en la \u00e9lite del f\u00fatbol argentino tuvo tinte olavarriense con el arribo de <strong>Braian Guille<\/strong> a <strong>Col\u00f3n de Santa Fe<\/strong>. Previamente,<strong> el futbolista local hab\u00eda rescindido contrato de mutuo acuerdo con Atl\u00e9tico Tucum\u00e1n<\/strong>, entidad donde jug\u00f3 el primer semestre del a\u00f1o.<\/p>\n<p>&nbsp;<\/p>\n<p>All\u00ed, con poca continuidad, <strong>Guille disput\u00f3 16 partidos con la camiseta del \u201cDecano\u201d<\/strong> en la Liga Profesional y solo en dos fue titular.<\/p>\n<p>&nbsp;<\/p>\n<p>Sin embargo, en la tarde del \u00faltimo jueves Col\u00f3n hizo oficial la llegada del mediapunta de 26 a\u00f1os, quien acord\u00f3 un <strong>pr\u00e9stamo de 18 meses<\/strong> con Olimpo de Bah\u00eda Blanca. Vale recordar que el \u201cSabalero\u201d fue uno de los clubes que busc\u00f3 al olavarriense a principio de a\u00f1o, pero finalmente el pase no se dio.<\/p>\n<p>&nbsp;<\/p>\n<p><strong>Braian se convirti\u00f3 en la novena incorporaci\u00f3n del elenco conducido por N\u00e9stor \u201cPipo\u201d Gorosito<\/strong>, que este pr\u00f3ximo s\u00e1bado recibir\u00e1 a Hurac\u00e1n por la 3\u00b0 fecha de la Copa de la Liga.<\/p>\n<p>&nbsp;<\/p>\n<p><em><strong>Fuente: UNO Santa Fe.<\/strong><\/em><\/p>\n","protected":false},"excerpt":{"rendered":"<p>Tras rescindir contrato con Atl\u00e9tico Tucum\u00e1n, el mediapunta olavarriense lleg\u00f3 a un acuerdo con el \u201cSabalero\u201d y seguir\u00e1 su carrera<\/p>\n","protected":false},"author":96739694,"featured_media":157204,"comment_status":"closed","ping_status":"closed","sticky":false,"template":"","format":"standard","meta":{"_jetpack_memberships_contains_paid_content":false,"footnotes":""},"categories":[35,37,1],"tags":[],"class_list":["post-137449","post","type-post","status-publish","format-standard","has-post-thumbnail","hentry","category-futbol","category-futbol-profesional","category-portada"],"jetpack_featured_media_url":"https:\/\/i0.wp.com\/cdnoticias.com\/wp-content\/uploads\/2023\/09\/Braian-Guille-a-Col%C3%B3n-e1693599599262.jpg?fit=1080%2C685&ssl=1","jetpack_sharing_enabled":true,"_links":{"self":[{"href":"https:\/\/cdnoticias.com\/index.php\/wp-json\/wp\/v2\/posts\/137449","targetHints":{"allow":["GET"]}}],"collection":[{"href":"https:\/\/cdnoticias.com\/index.php\/wp-json\/wp\/v2\/posts"}],"about":[{"href":"https:\/\/cdnoticias.com\/index.php\/wp-json\/wp\/v2\/types\/post"}],"author":[{"embeddable":true,"href":"https:\/\/cdnoticias.com\/index.php\/wp-json\/wp\/v2\/users\/96739694"}],"replies":[{"embeddable":true,"href":"https:\/\/cdnoticias.com\/index.php\/wp-json\/wp\/v2\/comments?post=137449"}],"version-history":[{"count":0,"href":"https:\/\/cdnoticias.com\/index.php\/wp-json\/wp\/v2\/posts\/137449\/revisions"}],"wp:featuredmedia":[{"embeddable":true,"href":"https:\/\/cdnoticias.com\/index.php\/wp-json\/wp\/v2\/media\/157204"}],"wp:attachment":[{"href":"https:\/\/cdnoticias.com\/index.php\/wp-json\/wp\/v2\/media?parent=137449"}],"wp:term":[{"taxonomy":"category","embeddable":true,"href":"https:\/\/cdnoticias.com\/index.php\/wp-json\/wp\/v2\/categories?post=137449"},{"taxonomy":"post_tag","embeddable":true,"href":"https:\/\/cdnoticias.com\/index.php\/wp-json\/wp\/v2\/tags?post=137449"}],"curies":[{"name":"wp","href":"https:\/\/api.w.org\/{rel}","templated":true}]}}