{"id":137442,"date":"2023-08-31T18:43:14","date_gmt":"2023-08-31T21:43:14","guid":{"rendered":"http:\/\/centraldeportes.com.ar\/?p=40946"},"modified":"2025-02-11T21:13:57","modified_gmt":"2025-02-12T00:13:57","slug":"pedro-de-la-vega-fue-convocado-a-la-seleccion-argentina-sub-23","status":"publish","type":"post","link":"https:\/\/cdnoticias.com\/index.php\/2023\/08\/31\/pedro-de-la-vega-fue-convocado-a-la-seleccion-argentina-sub-23\/","title":{"rendered":"Pedro De la Vega fue convocado a la Selecci\u00f3n Argentina Sub 23"},"content":{"rendered":"<p>El olavarriense fue uno de los delanteros pedidos por Javier Mascherano para los entrenamientos en Ezeiza y el duelo amistoso frente a Bolivia.<!--more--><\/p>\n<hr \/>\n<p>El <strong>combinado nacional Sub 23<\/strong> comandado t\u00e9cnicamente por <strong>Javier Mascherano<\/strong> empieza a diagramar el plantel para el pr\u00f3ximo Preol\u00edmpico de Venezuela, que se llevar\u00e1 adelante del 20 de enero al 11 de febrero.<\/p>\n<p>&nbsp;<\/p>\n<p>Por tal motivo, cerca del mediod\u00eda de este jueves, \u201cEl Jefecito\u201d dio a conocer el listado de jugadores citados que se sumar\u00e1n en la pr\u00f3xima fecha FIFA.<\/p>\n<p>&nbsp;<\/p>\n<p>La gran mayor\u00eda son del f\u00fatbol argentino y <strong>dentro de la n\u00f3mina de atacantes se encuentra el nombre de Pedro De la Vega<\/strong>, quien nuevamente volver\u00e1 a ponerse la camiseta celeste y blanca.<\/p>\n<p>&nbsp;<\/p>\n<p>El olavarriense deber\u00e1 presentarse a los entrenamientos en el Predio de Ezeiza \u201cLionel Andr\u00e9s Messi\u201d, lugar donde tambi\u00e9n <strong>el venidero 9 de septiembre el combinado argentino jugar\u00e1 un partido amistoso frente a Bolivia<\/strong>.<\/p>\n<p>&nbsp;<\/p>\n<h6><strong>La lista completa:<\/strong><\/h6>\n<p>&nbsp;<\/p>\n<p><img data-recalc-dims=\"1\" loading=\"lazy\" decoding=\"async\" class=\"aligncenter wp-image-40952 \" src=\"https:\/\/i0.wp.com\/centraldeportes.com.ar\/wp-content\/uploads\/2023\/08\/Lista-Selecci%C3%B3n-Sub-23-1024x1024.jpg?resize=647%2C647\" alt=\"\" width=\"647\" height=\"647\" \/><\/p>\n","protected":false},"excerpt":{"rendered":"<p>El olavarriense fue uno de los delanteros pedidos por Javier Mascherano para los entrenamientos en Ezeiza y el duelo amistoso<\/p>\n","protected":false},"author":96739694,"featured_media":157231,"comment_status":"closed","ping_status":"closed","sticky":false,"template":"","format":"standard","meta":{"_jetpack_memberships_contains_paid_content":false,"footnotes":""},"categories":[35,37,1],"tags":[],"class_list":["post-137442","post","type-post","status-publish","format-standard","has-post-thumbnail","hentry","category-futbol","category-futbol-profesional","category-portada"],"jetpack_featured_media_url":"https:\/\/i0.wp.com\/cdnoticias.com\/wp-content\/uploads\/2023\/08\/Pedro-De-la-Vega-Selecci%C3%B3n-Argentina-e1693518147283.jpg?fit=1200%2C701&ssl=1","jetpack_sharing_enabled":true,"_links":{"self":[{"href":"https:\/\/cdnoticias.com\/index.php\/wp-json\/wp\/v2\/posts\/137442","targetHints":{"allow":["GET"]}}],"collection":[{"href":"https:\/\/cdnoticias.com\/index.php\/wp-json\/wp\/v2\/posts"}],"about":[{"href":"https:\/\/cdnoticias.com\/index.php\/wp-json\/wp\/v2\/types\/post"}],"author":[{"embeddable":true,"href":"https:\/\/cdnoticias.com\/index.php\/wp-json\/wp\/v2\/users\/96739694"}],"replies":[{"embeddable":true,"href":"https:\/\/cdnoticias.com\/index.php\/wp-json\/wp\/v2\/comments?post=137442"}],"version-history":[{"count":0,"href":"https:\/\/cdnoticias.com\/index.php\/wp-json\/wp\/v2\/posts\/137442\/revisions"}],"wp:featuredmedia":[{"embeddable":true,"href":"https:\/\/cdnoticias.com\/index.php\/wp-json\/wp\/v2\/media\/157231"}],"wp:attachment":[{"href":"https:\/\/cdnoticias.com\/index.php\/wp-json\/wp\/v2\/media?parent=137442"}],"wp:term":[{"taxonomy":"category","embeddable":true,"href":"https:\/\/cdnoticias.com\/index.php\/wp-json\/wp\/v2\/categories?post=137442"},{"taxonomy":"post_tag","embeddable":true,"href":"https:\/\/cdnoticias.com\/index.php\/wp-json\/wp\/v2\/tags?post=137442"}],"curies":[{"name":"wp","href":"https:\/\/api.w.org\/{rel}","templated":true}]}}