{"id":137441,"date":"2023-08-31T17:26:29","date_gmt":"2023-08-31T20:26:29","guid":{"rendered":"http:\/\/centraldeportes.com.ar\/?p=40942"},"modified":"2025-02-11T21:13:58","modified_gmt":"2025-02-12T00:13:58","slug":"viernes-de-capacitacion-para-dirigentes-de-entidades-deportivas","status":"publish","type":"post","link":"https:\/\/cdnoticias.com\/index.php\/2023\/08\/31\/viernes-de-capacitacion-para-dirigentes-de-entidades-deportivas\/","title":{"rendered":"Viernes de capacitaci\u00f3n para dirigentes de entidades deportivas"},"content":{"rendered":"<p>Desde la Subsecretar\u00eda de Deportes y Recreaci\u00f3n, a trav\u00e9s de la Direcci\u00f3n de Gesti\u00f3n Deportiva, se informa que el pr\u00f3ximo viernes se llevar\u00e1 a cabo en la sede de la Casa del Deporte, en avenida Del Valle 3549, una interesante jornada de capacitaci\u00f3n destinada a dirigentes de entidades deportivas.<!--more--><\/p>\n<hr \/>\n<p>La propuesta es libre y gratuita y se desarrollar\u00e1 a partir de las 19 horas, encabezada por Oscar Sacheri, de la Consultora Deportiva Gesta.<\/p>\n<p>&nbsp;<\/p>\n<p>En la jornada se abocar\u00e1n aspectos vinculados a administraci\u00f3n, recursos humanos, pensamiento estrat\u00e9gico y toma de decisiones, adem\u00e1s de cuestiones que surjan del intercambio con los presentes.<\/p>\n<p>&nbsp;<\/p>\n<p>La actividad cuenta con el auspicio y organizaci\u00f3n de la Municipalidad de Olavarr\u00eda, la Universidad del Museo Social Argentino (UMSA) y la Consultora Deportiva Gesta.<\/p>\n","protected":false},"excerpt":{"rendered":"<p>Desde la Subsecretar\u00eda de Deportes y Recreaci\u00f3n, a trav\u00e9s de la Direcci\u00f3n de Gesti\u00f3n Deportiva, se informa que el pr\u00f3ximo<\/p>\n","protected":false},"author":96739694,"featured_media":152932,"comment_status":"closed","ping_status":"closed","sticky":false,"template":"","format":"standard","meta":{"_jetpack_memberships_contains_paid_content":false,"footnotes":""},"categories":[30,1],"tags":[],"class_list":["post-137441","post","type-post","status-publish","format-standard","has-post-thumbnail","hentry","category-polideportivo","category-portada"],"jetpack_featured_media_url":"https:\/\/i0.wp.com\/cdnoticias.com\/wp-content\/uploads\/2022\/12\/Deportes-Cierre-Capacitacion-1024x682.jpg?fit=1024%2C682&ssl=1","jetpack_sharing_enabled":true,"_links":{"self":[{"href":"https:\/\/cdnoticias.com\/index.php\/wp-json\/wp\/v2\/posts\/137441","targetHints":{"allow":["GET"]}}],"collection":[{"href":"https:\/\/cdnoticias.com\/index.php\/wp-json\/wp\/v2\/posts"}],"about":[{"href":"https:\/\/cdnoticias.com\/index.php\/wp-json\/wp\/v2\/types\/post"}],"author":[{"embeddable":true,"href":"https:\/\/cdnoticias.com\/index.php\/wp-json\/wp\/v2\/users\/96739694"}],"replies":[{"embeddable":true,"href":"https:\/\/cdnoticias.com\/index.php\/wp-json\/wp\/v2\/comments?post=137441"}],"version-history":[{"count":0,"href":"https:\/\/cdnoticias.com\/index.php\/wp-json\/wp\/v2\/posts\/137441\/revisions"}],"wp:featuredmedia":[{"embeddable":true,"href":"https:\/\/cdnoticias.com\/index.php\/wp-json\/wp\/v2\/media\/152932"}],"wp:attachment":[{"href":"https:\/\/cdnoticias.com\/index.php\/wp-json\/wp\/v2\/media?parent=137441"}],"wp:term":[{"taxonomy":"category","embeddable":true,"href":"https:\/\/cdnoticias.com\/index.php\/wp-json\/wp\/v2\/categories?post=137441"},{"taxonomy":"post_tag","embeddable":true,"href":"https:\/\/cdnoticias.com\/index.php\/wp-json\/wp\/v2\/tags?post=137441"}],"curies":[{"name":"wp","href":"https:\/\/api.w.org\/{rel}","templated":true}]}}