{"id":137440,"date":"2023-08-31T15:28:22","date_gmt":"2023-08-31T18:28:22","guid":{"rendered":"http:\/\/centraldeportes.com.ar\/?p=40938"},"modified":"2025-02-11T21:13:59","modified_gmt":"2025-02-12T00:13:59","slug":"con-presencia-albinegra-tandil-fue-cuarto-en-el-argentino-sub14","status":"publish","type":"post","link":"https:\/\/cdnoticias.com\/index.php\/2023\/08\/31\/con-presencia-albinegra-tandil-fue-cuarto-en-el-argentino-sub14\/","title":{"rendered":"Con presencia albinegra, Tandil fue cuarto en el Argentino Sub14"},"content":{"rendered":"<p>El pasado domingo lleg\u00f3 a su fin, en Buenos Aires, el Campeonato Argentino Sub14 y el equipo de Caballeros de la Federaci\u00f3n Tandilense de Hockey finaliz\u00f3 cuarto.<!--more--><\/p>\n<hr \/>\n<p>Ocho integrantes de Estudiantes m\u00e1s Nicol\u00e1s Pane como DT finalizaron en cuarto lugar en el pa\u00eds con la selecci\u00f3n de Tandil.<\/p>\n<p>&nbsp;<\/p>\n<p>Francisco Vallades, Francisco Amoroso Alcaza, Tom\u00e1s Pistasoli, Pietro Zucchiatti, Bruno Cominotto, Felipe Quiroz, Valent\u00edn Andraca y Lucio Scarafiocca fueron los representantes del \u201cBataraz\u201d.<\/p>\n<p>&nbsp;<\/p>\n<p>Los resultados del Torneo:<\/p>\n<p>Fase de grupos:<br \/>\nTandil 2 \u2013 1 San Juan<br \/>\nTandil 0 \u2013 5 Buenos Aires<br \/>\nTandil 0 \u2013 0 Salta<\/p>\n<p>Semifinales:<br \/>\nTandil 0 \u2013 6 Tucum\u00e1n<\/p>\n<p>Tercer y cuarto:<br \/>\nTandil 1 \u2013 6 C\u00f3rdoba<\/p>\n","protected":false},"excerpt":{"rendered":"<p>El pasado domingo lleg\u00f3 a su fin, en Buenos Aires, el Campeonato Argentino Sub14 y el equipo de Caballeros de<\/p>\n","protected":false},"author":96739694,"featured_media":157234,"comment_status":"closed","ping_status":"closed","sticky":false,"template":"","format":"standard","meta":{"_jetpack_memberships_contains_paid_content":false,"footnotes":""},"categories":[30,1],"tags":[],"class_list":["post-137440","post","type-post","status-publish","format-standard","has-post-thumbnail","hentry","category-polideportivo","category-portada"],"jetpack_featured_media_url":"https:\/\/i0.wp.com\/cdnoticias.com\/wp-content\/uploads\/2023\/08\/370950891_792573409540019_229470466687927485_n-e1693506491279.jpg?fit=526%2C320&ssl=1","jetpack_sharing_enabled":true,"_links":{"self":[{"href":"https:\/\/cdnoticias.com\/index.php\/wp-json\/wp\/v2\/posts\/137440","targetHints":{"allow":["GET"]}}],"collection":[{"href":"https:\/\/cdnoticias.com\/index.php\/wp-json\/wp\/v2\/posts"}],"about":[{"href":"https:\/\/cdnoticias.com\/index.php\/wp-json\/wp\/v2\/types\/post"}],"author":[{"embeddable":true,"href":"https:\/\/cdnoticias.com\/index.php\/wp-json\/wp\/v2\/users\/96739694"}],"replies":[{"embeddable":true,"href":"https:\/\/cdnoticias.com\/index.php\/wp-json\/wp\/v2\/comments?post=137440"}],"version-history":[{"count":0,"href":"https:\/\/cdnoticias.com\/index.php\/wp-json\/wp\/v2\/posts\/137440\/revisions"}],"wp:featuredmedia":[{"embeddable":true,"href":"https:\/\/cdnoticias.com\/index.php\/wp-json\/wp\/v2\/media\/157234"}],"wp:attachment":[{"href":"https:\/\/cdnoticias.com\/index.php\/wp-json\/wp\/v2\/media?parent=137440"}],"wp:term":[{"taxonomy":"category","embeddable":true,"href":"https:\/\/cdnoticias.com\/index.php\/wp-json\/wp\/v2\/categories?post=137440"},{"taxonomy":"post_tag","embeddable":true,"href":"https:\/\/cdnoticias.com\/index.php\/wp-json\/wp\/v2\/tags?post=137440"}],"curies":[{"name":"wp","href":"https:\/\/api.w.org\/{rel}","templated":true}]}}