{"id":137437,"date":"2023-08-31T14:34:13","date_gmt":"2023-08-31T17:34:13","guid":{"rendered":"http:\/\/centraldeportes.com.ar\/?p=40849"},"modified":"2025-02-11T21:14:00","modified_gmt":"2025-02-12T00:14:00","slug":"muchos-olavarrienses-corrieron-la-ultra-trail-tandil","status":"publish","type":"post","link":"https:\/\/cdnoticias.com\/index.php\/2023\/08\/31\/muchos-olavarrienses-corrieron-la-ultra-trail-tandil\/","title":{"rendered":"Muchos olavarrienses corrieron la Ultra Trail Tandil"},"content":{"rendered":"<p>El pasado s\u00e1bado se corri\u00f3 la 8\u00b0 edici\u00f3n de la Ultra Trail Tandil y varios atletas olavarrienses dijeron presentes para ser parte de una nueva fecha del Circuito Buenos Aires Aventura.<!--more--><\/p>\n<hr \/>\n<p>El calendario organizado por el Circuito Buenos Aires Aventura tuvo su tercera fecha el pasado fin de semana y entre los 550 corredores de toda la provincia, hubo representantes locales. La final del circuito que ser\u00e1 en Mar del Plata el 1\u00b0 de octubre.<\/p>\n<p>&nbsp;<\/p>\n<p>Con salida en el Parque A\u00e9reo de Tandil hubo 50, 30 y 11 kil\u00f3metros para desafiar a las Sierras y hubo varios podios para los olavarrienses.<\/p>\n<p>&nbsp;<\/p>\n<p>Dentro de los 50 kil\u00f3metros, Ricardo Rojas fue el \u00fanico representante de Olavarr\u00eda y fue el ganador de su categor\u00eda con un tiempo de 5 horas, 1 minuto y 16 segundos.<\/p>\n<p>&nbsp;<\/p>\n<p>Las dos distancias menores fueron las que completaron una nueva fecha del Circuito Buenos Aires Aventura y en los 30K, el mejor local fue Diego D\u00edaz que con un tiempo de 2:08:31 que se ubic\u00f3 en la cuarta colocaci\u00f3n de la tabla general y el ganador de su franja etaria.<\/p>\n<p>&nbsp;<\/p>\n<p>Adem\u00e1s, lograron completar el recorrido, Emanuel Bernachea, Cristian Shedden, Mat\u00edas Casado, Nicol\u00e1s Rull, Sergio Schipper, Fabi\u00e1n Gonz\u00e1lez, Mauricio Dilascio, Franco Kees, Rodrigo Bono, Mart\u00edn Franco, \u00c1ngel Rocasalva, Jorge Piazza, M\u00f3nica Cataldo, Pablo Luchini, Sergio Ballestero, Mariana Ruiz D\u00edaz, Estanislao Bahl y Agust\u00edn Coumeig.<\/p>\n<p>&nbsp;<\/p>\n<p>Lucas Mart\u00edn con un tiempo de 48 minutos fue el tercer mejor atleta en la distancia de 11 kil\u00f3metros y en cuarto lugar se ubic\u00f3 Diego Ortiz que se adjudic\u00f3 su categor\u00eda.<\/p>\n<p>&nbsp;<\/p>\n<p>Luis Baygorria, Pablo Izzi, Mar\u00eda Pacheco, Shirley Rey, Nicol\u00e1s Morua, Ezequiel Aguirre, Cristian Kaufmann, Mar\u00eda Ponce, Mariela Avenda\u00f1o, V\u00edctor Vaccaro, Soledad D\u00b4Onofrio, Mar\u00eda Trepichio, Celeste Fern\u00e1ndez Chavez, Amparo Echezuri, Mar\u00eda Rosende, Luciana Torres, Alejandra Colombo, Marisa Coronel y Gabriela Gonz\u00e1lez tambi\u00e9n lograron cruzar la meta.<\/p>\n","protected":false},"excerpt":{"rendered":"<p>El pasado s\u00e1bado se corri\u00f3 la 8\u00b0 edici\u00f3n de la Ultra Trail Tandil y varios atletas olavarrienses dijeron presentes para<\/p>\n","protected":false},"author":96739694,"featured_media":157236,"comment_status":"closed","ping_status":"closed","sticky":false,"template":"","format":"standard","meta":{"_jetpack_memberships_contains_paid_content":false,"footnotes":""},"categories":[38,1],"tags":[],"class_list":["post-137437","post","type-post","status-publish","format-standard","has-post-thumbnail","hentry","category-pedestrismo","category-portada"],"jetpack_featured_media_url":"https:\/\/i0.wp.com\/cdnoticias.com\/wp-content\/uploads\/2023\/08\/IMG-20230828-WA0005-e1693349021545.jpg?fit=1080%2C678&ssl=1","jetpack_sharing_enabled":true,"_links":{"self":[{"href":"https:\/\/cdnoticias.com\/index.php\/wp-json\/wp\/v2\/posts\/137437","targetHints":{"allow":["GET"]}}],"collection":[{"href":"https:\/\/cdnoticias.com\/index.php\/wp-json\/wp\/v2\/posts"}],"about":[{"href":"https:\/\/cdnoticias.com\/index.php\/wp-json\/wp\/v2\/types\/post"}],"author":[{"embeddable":true,"href":"https:\/\/cdnoticias.com\/index.php\/wp-json\/wp\/v2\/users\/96739694"}],"replies":[{"embeddable":true,"href":"https:\/\/cdnoticias.com\/index.php\/wp-json\/wp\/v2\/comments?post=137437"}],"version-history":[{"count":0,"href":"https:\/\/cdnoticias.com\/index.php\/wp-json\/wp\/v2\/posts\/137437\/revisions"}],"wp:featuredmedia":[{"embeddable":true,"href":"https:\/\/cdnoticias.com\/index.php\/wp-json\/wp\/v2\/media\/157236"}],"wp:attachment":[{"href":"https:\/\/cdnoticias.com\/index.php\/wp-json\/wp\/v2\/media?parent=137437"}],"wp:term":[{"taxonomy":"category","embeddable":true,"href":"https:\/\/cdnoticias.com\/index.php\/wp-json\/wp\/v2\/categories?post=137437"},{"taxonomy":"post_tag","embeddable":true,"href":"https:\/\/cdnoticias.com\/index.php\/wp-json\/wp\/v2\/tags?post=137437"}],"curies":[{"name":"wp","href":"https:\/\/api.w.org\/{rel}","templated":true}]}}