{"id":137430,"date":"2023-08-30T16:53:34","date_gmt":"2023-08-30T19:53:34","guid":{"rendered":"http:\/\/centraldeportes.com.ar\/?p=40866"},"modified":"2025-02-11T21:11:54","modified_gmt":"2025-02-12T00:11:54","slug":"buen-numero-de-ciclistas-en-el-festival-de-uco","status":"publish","type":"post","link":"https:\/\/cdnoticias.com\/index.php\/2023\/08\/30\/buen-numero-de-ciclistas-en-el-festival-de-uco\/","title":{"rendered":"Buen n\u00famero de ciclistas en el Festival de UCO"},"content":{"rendered":"<p>El pasado s\u00e1bado, se llev\u00f3 a cabo un nuevo festival organizado por la Uni\u00f3n de Ciclistas Olavarrienses y un buen n\u00famero de deportistas participaron de la competencia. Nehu\u00e9n Erripa gan\u00f3 la categor\u00eda principal.<!--more--><\/p>\n<hr \/>\n<p>En la pista municipal \u201cHumberto \u00c1ngel Corradi\u201d hubo acci\u00f3n en el transcurso del s\u00e1bado y en la carrera principal de la jornada, el triunfo fue para Nehu\u00e9n Erripa que estuvo acompa\u00f1ado en el podio por Santiago Rold\u00e1n y Franco Leguizam\u00f3n.<\/p>\n<p>&nbsp;<\/p>\n<p>La competencia cont\u00f3 con representantes de toda la Regi\u00f3n y adem\u00e1s, en Infantiles participaron Carlitos Navarro, Benicio Daleschan, Nacho Leguizam\u00f3n y Aitana Ferro.<\/p>\n<p>&nbsp;<\/p>\n<h6><strong>Los resultados:<\/strong><\/h6>\n<p>&nbsp;<\/p>\n<p><strong>Libre:<\/strong><\/p>\n<p>1\u00b0 Nehu\u00e9n Erripa (Olavarr\u00eda)<\/p>\n<p>2\u00b0 Santiago Rold\u00e1n (Olavarr\u00eda)<\/p>\n<p>3\u00b0 Franco Leguizam\u00f3n (Olavarr\u00eda)<\/p>\n<p>4\u00b0 Germ\u00e1n Pallero (Tapalqu\u00e9)<\/p>\n<p>5\u00b0 Mariano Herrera (Tapalqu\u00e9)<\/p>\n<p>&nbsp;<\/p>\n<p><em><strong>M\u00e1ster C<\/strong><\/em><\/p>\n<p>1\u00b0 Rafael Erripa (Olavarr\u00eda)<\/p>\n<p>2\u00b0 Marcelo Lara (Olavarr\u00eda)<\/p>\n<p>3\u00b0 Oscar Valetutto (Olavarr\u00eda)<\/p>\n<p>4\u00b0 Miguel Barzola (Olavarr\u00eda)<\/p>\n<p>5\u00b0 Hern\u00e1n Azimonti (Azul)<\/p>\n<p>&nbsp;<\/p>\n<p><em><strong>M\u00e1ster B<\/strong><\/em><\/p>\n<p>1\u00b0 Marcos Sosa (Olavarr\u00eda)<\/p>\n<p>2\u00b0 Rafael Erripa (Olavarr\u00eda)<\/p>\n<p>3\u00b0 Marcelo Lara (Olavarr\u00eda)<\/p>\n<p>4\u00b0 Oscar Valetutto (Olavarr\u00eda)<\/p>\n<p>5\u00b0 Marcelo Borneo(Azul)<\/p>\n<p>&nbsp;<\/p>\n<p><em><strong>Menores de 40<\/strong><\/em><\/p>\n<p>1\u00b0 Ezequiel Azimonti (Azul)<\/p>\n<p>2\u00b0 Hugo Trumpio (Olavarr\u00eda)<\/p>\n<p>3\u00b0 Agust\u00edn Ferro (Olavarr\u00eda)<\/p>\n<p>4\u00b0 \u00c1ngel Garc\u00eda (Olavarr\u00eda)<\/p>\n<p>5\u00b0 Mauricio Carlucio (Tapalqu\u00e9)<\/p>\n<p>&nbsp;<\/p>\n<p><em><strong>Mayores de 40<\/strong><\/em><\/p>\n<p>1\u00b0 Jorge Lescano (Olavarr\u00eda)<\/p>\n<p>2\u00b0 Claudio Latorre (Azul)<\/p>\n<p>3\u00b0 Leandro Dastugue (Olavarr\u00eda)<\/p>\n<p>4\u00b0 Lorena Vega(Olavarr\u00eda)<\/p>\n<p>5\u00b0 Alejandro Garc\u00eda (Olavarr\u00eda)<\/p>\n<p>&nbsp;<\/p>\n<p><em><strong>M\u00e1ster D<\/strong><\/em><\/p>\n<p>1\u00b0 Juan Etchepare (Azul)<\/p>\n<p>&nbsp;<\/p>\n<p><em><strong>Debutantes<\/strong><\/em><\/p>\n<p>1\u00b0 Javier Trumpio (Olavarr\u00eda)<\/p>\n<p>2\u00b0 Rub\u00e9n Rodr\u00edguez (Azul)<\/p>\n<p>3\u00b0 Carlos Ortiz (Olavarr\u00eda)<\/p>\n<p>4\u00b0 Maximiliano Bedouret (Torquinst)<\/p>\n<p>5\u00b0 Ezequiel Su\u00e1rez (La Madrid)<\/p>\n","protected":false},"excerpt":{"rendered":"<p>El pasado s\u00e1bado, se llev\u00f3 a cabo un nuevo festival organizado por la Uni\u00f3n de Ciclistas Olavarrienses y un buen<\/p>\n","protected":false},"author":96739694,"featured_media":157114,"comment_status":"closed","ping_status":"closed","sticky":false,"template":"","format":"standard","meta":{"_jetpack_memberships_contains_paid_content":false,"footnotes":""},"categories":[30,1],"tags":[],"class_list":["post-137430","post","type-post","status-publish","format-standard","has-post-thumbnail","hentry","category-polideportivo","category-portada"],"jetpack_featured_media_url":"https:\/\/i0.wp.com\/cdnoticias.com\/wp-content\/uploads\/2023\/08\/371539143_759842636151778_4845629168716014682_n.jpg?fit=2048%2C1536&ssl=1","jetpack_sharing_enabled":true,"_links":{"self":[{"href":"https:\/\/cdnoticias.com\/index.php\/wp-json\/wp\/v2\/posts\/137430","targetHints":{"allow":["GET"]}}],"collection":[{"href":"https:\/\/cdnoticias.com\/index.php\/wp-json\/wp\/v2\/posts"}],"about":[{"href":"https:\/\/cdnoticias.com\/index.php\/wp-json\/wp\/v2\/types\/post"}],"author":[{"embeddable":true,"href":"https:\/\/cdnoticias.com\/index.php\/wp-json\/wp\/v2\/users\/96739694"}],"replies":[{"embeddable":true,"href":"https:\/\/cdnoticias.com\/index.php\/wp-json\/wp\/v2\/comments?post=137430"}],"version-history":[{"count":0,"href":"https:\/\/cdnoticias.com\/index.php\/wp-json\/wp\/v2\/posts\/137430\/revisions"}],"wp:featuredmedia":[{"embeddable":true,"href":"https:\/\/cdnoticias.com\/index.php\/wp-json\/wp\/v2\/media\/157114"}],"wp:attachment":[{"href":"https:\/\/cdnoticias.com\/index.php\/wp-json\/wp\/v2\/media?parent=137430"}],"wp:term":[{"taxonomy":"category","embeddable":true,"href":"https:\/\/cdnoticias.com\/index.php\/wp-json\/wp\/v2\/categories?post=137430"},{"taxonomy":"post_tag","embeddable":true,"href":"https:\/\/cdnoticias.com\/index.php\/wp-json\/wp\/v2\/tags?post=137430"}],"curies":[{"name":"wp","href":"https:\/\/api.w.org\/{rel}","templated":true}]}}