{"id":137429,"date":"2023-08-30T10:17:26","date_gmt":"2023-08-30T13:17:26","guid":{"rendered":"http:\/\/centraldeportes.com.ar\/?p=40861"},"modified":"2025-02-11T21:11:55","modified_gmt":"2025-02-12T00:11:55","slug":"asumio-el-nuevo-tecnico-de-hinojo-y-tuvo-su-primera-practica","status":"publish","type":"post","link":"https:\/\/cdnoticias.com\/index.php\/2023\/08\/30\/asumio-el-nuevo-tecnico-de-hinojo-y-tuvo-su-primera-practica\/","title":{"rendered":"Asumi\u00f3 el nuevo t\u00e9cnico de Hinojo y tuvo su primera pr\u00e1ctica"},"content":{"rendered":"\r\n\r\nCarlos &#8220;Coky&#8221; Othasegui, flamante entrenador del &#8220;Albiverde&#8221; tras la salida de Miguel Aranz\u00e1bal, asumi\u00f3 en la tarde del martes.<!--more-->\r\n\r\n\r\n\r\n\r\n\r\n<hr class=\"wp-block-separator has-alpha-channel-opacity\" \/>\r\n\r\n\r\n\r\n\r\n\r\nInici\u00f3 un nuevo ciclo para el primer equipo del Club Atl\u00e9tico Hinojo tras <a href=\"http:\/\/centraldeportes.com.ar\/hinojo-se-quedo-sin-dt-pero-ya-tiene-a-su-reemplazante\/\">la salida<\/a> del &#8220;Vasco&#8221; Aranz\u00e1bal de la conducci\u00f3n t\u00e9cnica.\r\n\r\n&nbsp;\r\n\r\n\r\n\r\n\r\n\r\n\r\n\r\n\r\n\r\nA primera hora de la tarde del \u00faltimo martes,<strong> Carlos Othasegui<\/strong> asumi\u00f3 como nuevo entrenador del &#8220;Albiverde&#8221;, se present\u00f3 ante el plantel y dirigi\u00f3 su primera pr\u00e1ctica en el Enrique De la Quintana.\r\n\r\n&nbsp;\r\n\r\n\r\n\r\n\r\n\r\n&#8220;Coky&#8221; a\u00fan no defini\u00f3 su cuerpo t\u00e9cnico, pero estar\u00e1 acompa\u00f1ado por el preparador f\u00edsico <strong>Gianluca Lovano<\/strong>, <strong>Horacio Ferreyra<\/strong> como entrenador de arqueros de cara al pr\u00f3ximo partido donde <strong>Hinojo enfrentar\u00e1 a San Mart\u00edn por la 3\u00b0 fecha del Torneo Oficial<\/strong>.\r\n\r\n&nbsp;\r\n\r\n<em><strong>Foto: Daniel Riquelme.<\/strong><\/em>\r\n\r\n","protected":false},"excerpt":{"rendered":"<p>Carlos &#8220;Coky&#8221; Othasegui, flamante entrenador del &#8220;Albiverde&#8221; tras la salida de Miguel Aranz\u00e1bal, asumi\u00f3 en la tarde del martes.<\/p>\n","protected":false},"author":96739694,"featured_media":157116,"comment_status":"closed","ping_status":"closed","sticky":false,"template":"","format":"standard","meta":{"_jetpack_memberships_contains_paid_content":false,"footnotes":""},"categories":[35,1,41],"tags":[],"class_list":["post-137429","post","type-post","status-publish","format-standard","has-post-thumbnail","hentry","category-futbol","category-portada","category-primera-y-reserva"],"jetpack_featured_media_url":"https:\/\/i0.wp.com\/cdnoticias.com\/wp-content\/uploads\/2023\/08\/IMG-20230829-WA0060.jpg?fit=1600%2C1200&ssl=1","jetpack_sharing_enabled":true,"_links":{"self":[{"href":"https:\/\/cdnoticias.com\/index.php\/wp-json\/wp\/v2\/posts\/137429","targetHints":{"allow":["GET"]}}],"collection":[{"href":"https:\/\/cdnoticias.com\/index.php\/wp-json\/wp\/v2\/posts"}],"about":[{"href":"https:\/\/cdnoticias.com\/index.php\/wp-json\/wp\/v2\/types\/post"}],"author":[{"embeddable":true,"href":"https:\/\/cdnoticias.com\/index.php\/wp-json\/wp\/v2\/users\/96739694"}],"replies":[{"embeddable":true,"href":"https:\/\/cdnoticias.com\/index.php\/wp-json\/wp\/v2\/comments?post=137429"}],"version-history":[{"count":0,"href":"https:\/\/cdnoticias.com\/index.php\/wp-json\/wp\/v2\/posts\/137429\/revisions"}],"wp:featuredmedia":[{"embeddable":true,"href":"https:\/\/cdnoticias.com\/index.php\/wp-json\/wp\/v2\/media\/157116"}],"wp:attachment":[{"href":"https:\/\/cdnoticias.com\/index.php\/wp-json\/wp\/v2\/media?parent=137429"}],"wp:term":[{"taxonomy":"category","embeddable":true,"href":"https:\/\/cdnoticias.com\/index.php\/wp-json\/wp\/v2\/categories?post=137429"},{"taxonomy":"post_tag","embeddable":true,"href":"https:\/\/cdnoticias.com\/index.php\/wp-json\/wp\/v2\/tags?post=137429"}],"curies":[{"name":"wp","href":"https:\/\/api.w.org\/{rel}","templated":true}]}}