{"id":137428,"date":"2023-08-29T21:22:21","date_gmt":"2023-08-30T00:22:21","guid":{"rendered":"http:\/\/centraldeportes.com.ar\/?p=40855"},"modified":"2025-02-11T21:11:57","modified_gmt":"2025-02-12T00:11:57","slug":"ramon-sanchez-encontrar-rapido-el-gol-nos-permitio-manejar-el-partido","status":"publish","type":"post","link":"https:\/\/cdnoticias.com\/index.php\/2023\/08\/29\/ramon-sanchez-encontrar-rapido-el-gol-nos-permitio-manejar-el-partido\/","title":{"rendered":"Ram\u00f3n S\u00e1nchez: \u201cEncontrar r\u00e1pido el gol nos permiti\u00f3 manejar el partido\u201d"},"content":{"rendered":"<p>Afirm\u00f3 el volante azule\u00f1o luego del triunfo de Estudiantes frente a Hinojo por la 2\u00b0 fecha del Torneo Oficial de la LFO. \u201cMauricio Peralta volvi\u00f3 a confiar en m\u00ed y decid\u00ed venir\u201d, destac\u00f3.<!--more--><\/p>\n<hr \/>\n<p>El pasado domingo, <a href=\"http:\/\/centraldeportes.com.ar\/estudiantes-aplasto-a-hinojo-a-domicilio\/\">Estudiantes se impuso a domicilio<\/a> y sin atenuantes en su compromiso frente a Hinojo y adem\u00e1s logr\u00f3 su segunda victoria en igual cantidad de presentaciones. Culminados los 90\u2019 en el c\u00e9sped \u201cAlbiverde\u201d,<strong> Ram\u00f3n S\u00e1nchez, uno de los reci\u00e9n llegados al elenco \u201cBataraz\u201d, habl\u00f3 en el post partido y analiz\u00f3 los tres puntos obtenidos<\/strong>.<\/p>\n<p>&nbsp;<\/p>\n<p>\u201c<strong><em>Por la expulsi\u00f3n pensamos que se iba a hacer cuesta arriba porque es una cancha dif\u00edcil<\/em><\/strong>\u201d, coment\u00f3 en primer t\u00e9rmino y luego agreg\u00f3: \u201c<em>El campo de juego no estaba para jugar corto, pero <strong>encontrar r\u00e1pido el gol nos permiti\u00f3 tambi\u00e9n manejar el partido<\/strong><\/em>\u201d.<\/p>\n<p>&nbsp;<\/p>\n<p>Asimismo, el autor del quinto tanto se\u00f1al\u00f3 que salieron desde el vestuario \u201c<strong><em>con la idea de ser intensos, de ganar primera y segunda y de no darle chances a ellos<\/em><\/strong>\u201d.<\/p>\n<p>&nbsp;<\/p>\n<p><img data-recalc-dims=\"1\" loading=\"lazy\" decoding=\"async\" class=\"aligncenter size-large wp-image-40857\" src=\"https:\/\/i0.wp.com\/centraldeportes.com.ar\/wp-content\/uploads\/2023\/08\/DSC_0045-1024x678.jpg?resize=800%2C530\" alt=\"\" width=\"800\" height=\"530\" \/><\/p>\n<p>&nbsp;<\/p>\n<p>El ex Ferro Carril Sud y Sportivo Piazza arrib\u00f3 a la instituci\u00f3n hace algunas semanas: \u201c<strong><em>Estoy muy contento. Hace poquito que estoy y me encontr\u00e9 con un grupo b\u00e1rbaro<\/em><\/strong>\u201d, coment\u00f3 por un lado y luego remat\u00f3: \u201c<strong><em>En lo personal bien, tratando de sumar desde donde me toque<\/em><\/strong>\u201d.<\/p>\n<p>&nbsp;<\/p>\n<blockquote><p><strong>\u201cMauricio \u2013 Peralta \u2013 volvi\u00f3 a confiar en m\u00ed, me llam\u00f3 y decid\u00ed venir\u201d<\/strong><\/p><\/blockquote>\n<p>&nbsp;<\/p>\n<p>Con los dos triunfos, Estudiantes se perfil\u00f3 bien en el campeonato local y contin\u00faa esperando la confirmaci\u00f3n para el Federal Amateur: \u201c<strong><em>Ojal\u00e1 se d\u00e9 porque es un gran torneo para competir y tener una buena oportunidad<\/em><\/strong>\u201d, finaliz\u00f3 Ram\u00f3n.<\/p>\n<p>&nbsp;<\/p>\n<p><em><strong>Fotos: Prensa CAE.<\/strong><\/em><\/p>\n","protected":false},"excerpt":{"rendered":"<p>Afirm\u00f3 el volante azule\u00f1o luego del triunfo de Estudiantes frente a Hinojo por la 2\u00b0 fecha del Torneo Oficial de<\/p>\n","protected":false},"author":96739694,"featured_media":157119,"comment_status":"closed","ping_status":"closed","sticky":false,"template":"","format":"standard","meta":{"_jetpack_memberships_contains_paid_content":false,"footnotes":""},"categories":[35,1,41],"tags":[],"class_list":["post-137428","post","type-post","status-publish","format-standard","has-post-thumbnail","hentry","category-futbol","category-portada","category-primera-y-reserva"],"jetpack_featured_media_url":"https:\/\/i0.wp.com\/cdnoticias.com\/wp-content\/uploads\/2023\/08\/DSC_0211.jpg?fit=1100%2C728&ssl=1","jetpack_sharing_enabled":true,"_links":{"self":[{"href":"https:\/\/cdnoticias.com\/index.php\/wp-json\/wp\/v2\/posts\/137428","targetHints":{"allow":["GET"]}}],"collection":[{"href":"https:\/\/cdnoticias.com\/index.php\/wp-json\/wp\/v2\/posts"}],"about":[{"href":"https:\/\/cdnoticias.com\/index.php\/wp-json\/wp\/v2\/types\/post"}],"author":[{"embeddable":true,"href":"https:\/\/cdnoticias.com\/index.php\/wp-json\/wp\/v2\/users\/96739694"}],"replies":[{"embeddable":true,"href":"https:\/\/cdnoticias.com\/index.php\/wp-json\/wp\/v2\/comments?post=137428"}],"version-history":[{"count":0,"href":"https:\/\/cdnoticias.com\/index.php\/wp-json\/wp\/v2\/posts\/137428\/revisions"}],"wp:featuredmedia":[{"embeddable":true,"href":"https:\/\/cdnoticias.com\/index.php\/wp-json\/wp\/v2\/media\/157119"}],"wp:attachment":[{"href":"https:\/\/cdnoticias.com\/index.php\/wp-json\/wp\/v2\/media?parent=137428"}],"wp:term":[{"taxonomy":"category","embeddable":true,"href":"https:\/\/cdnoticias.com\/index.php\/wp-json\/wp\/v2\/categories?post=137428"},{"taxonomy":"post_tag","embeddable":true,"href":"https:\/\/cdnoticias.com\/index.php\/wp-json\/wp\/v2\/tags?post=137428"}],"curies":[{"name":"wp","href":"https:\/\/api.w.org\/{rel}","templated":true}]}}