{"id":137426,"date":"2023-08-29T17:06:59","date_gmt":"2023-08-29T20:06:59","guid":{"rendered":"http:\/\/centraldeportes.com.ar\/?p=40846"},"modified":"2025-02-11T21:12:02","modified_gmt":"2025-02-12T00:12:02","slug":"acop-las-categorias-impares-cerraron-la-9-fecha","status":"publish","type":"post","link":"https:\/\/cdnoticias.com\/index.php\/2023\/08\/29\/acop-las-categorias-impares-cerraron-la-9-fecha\/","title":{"rendered":"ACOP: las categor\u00edas Impares cerraron la 9\u00b0 fecha"},"content":{"rendered":"<p>Entre s\u00e1bado y domingo se complet\u00f3 una nueva fecha del calendario local organizado por la Asociaci\u00f3n Civil Olavarriense de P\u00e1del con la disputa de la 9\u00b0 fecha para las categor\u00edas Impares.<!--more--><\/p>\n<hr \/>\n<p>En lo que respecta a resultados, en Tercera Caballeros, Santiago Barsi y Samuel I\u00f1iguez se llevaron el torneo. Vencieron en la final a Gast\u00f3n Ressia y Franco Castillo por 6\/7 7\/6 y 6\/4.<\/p>\n<p>&nbsp;<\/p>\n<p>Luis Falasco y Daniel Diaz se coronaron campeones luego de vencer en la final a Santiago Sara y Rodrigo F\u00e9lix por 6\/4 2\/6 y 7\/6 en Quinta Caballeros y en Damas, la victoria correspondi\u00f3 a Lorena Trumpio y Daniela Bartel que vencieron en la final a Silvia Aman y Ver\u00f3nica Mas 6\/3 6\/7 y 6\/3.<\/p>\n<p>&nbsp;<\/p>\n<p>Adem\u00e1s, en S\u00e9ptima Caballeros, Iv\u00e1n Dos Santos y Mat\u00edas Manuel fueron los campeones al vencer por 1\/6 7\/5 6\/2 a la pareja compuesta por Facundo Zurita y Leandro De Lucia y en Damas, Nubi Fern\u00e1ndez y Macarena Leo lograron el t\u00edtulo al vencer por 4\/6 6\/2 6\/3 A Florencia Maradeo y Gisel Farra.<\/p>\n","protected":false},"excerpt":{"rendered":"<p>Entre s\u00e1bado y domingo se complet\u00f3 una nueva fecha del calendario local organizado por la Asociaci\u00f3n Civil Olavarriense de P\u00e1del<\/p>\n","protected":false},"author":96739694,"featured_media":157126,"comment_status":"closed","ping_status":"closed","sticky":false,"template":"","format":"standard","meta":{"_jetpack_memberships_contains_paid_content":false,"footnotes":""},"categories":[30,1],"tags":[],"class_list":["post-137426","post","type-post","status-publish","format-standard","has-post-thumbnail","hentry","category-polideportivo","category-portada"],"jetpack_featured_media_url":"https:\/\/i0.wp.com\/cdnoticias.com\/wp-content\/uploads\/2023\/08\/acop_olavarriapadeloficial_370581027_106123052592654_7093378048717940258_n-e1693339602120.jpg?fit=1080%2C678&ssl=1","jetpack_sharing_enabled":true,"_links":{"self":[{"href":"https:\/\/cdnoticias.com\/index.php\/wp-json\/wp\/v2\/posts\/137426","targetHints":{"allow":["GET"]}}],"collection":[{"href":"https:\/\/cdnoticias.com\/index.php\/wp-json\/wp\/v2\/posts"}],"about":[{"href":"https:\/\/cdnoticias.com\/index.php\/wp-json\/wp\/v2\/types\/post"}],"author":[{"embeddable":true,"href":"https:\/\/cdnoticias.com\/index.php\/wp-json\/wp\/v2\/users\/96739694"}],"replies":[{"embeddable":true,"href":"https:\/\/cdnoticias.com\/index.php\/wp-json\/wp\/v2\/comments?post=137426"}],"version-history":[{"count":0,"href":"https:\/\/cdnoticias.com\/index.php\/wp-json\/wp\/v2\/posts\/137426\/revisions"}],"wp:featuredmedia":[{"embeddable":true,"href":"https:\/\/cdnoticias.com\/index.php\/wp-json\/wp\/v2\/media\/157126"}],"wp:attachment":[{"href":"https:\/\/cdnoticias.com\/index.php\/wp-json\/wp\/v2\/media?parent=137426"}],"wp:term":[{"taxonomy":"category","embeddable":true,"href":"https:\/\/cdnoticias.com\/index.php\/wp-json\/wp\/v2\/categories?post=137426"},{"taxonomy":"post_tag","embeddable":true,"href":"https:\/\/cdnoticias.com\/index.php\/wp-json\/wp\/v2\/tags?post=137426"}],"curies":[{"name":"wp","href":"https:\/\/api.w.org\/{rel}","templated":true}]}}