{"id":137421,"date":"2023-08-28T20:16:42","date_gmt":"2023-08-28T23:16:42","guid":{"rendered":"http:\/\/centraldeportes.com.ar\/?p=40821"},"modified":"2025-02-11T21:12:10","modified_gmt":"2025-02-12T00:12:10","slug":"con-brisa-rodriguez-en-el-equipo-la-seleccion-bonaerense-sub-14-fue-octava","status":"publish","type":"post","link":"https:\/\/cdnoticias.com\/index.php\/2023\/08\/28\/con-brisa-rodriguez-en-el-equipo-la-seleccion-bonaerense-sub-14-fue-octava\/","title":{"rendered":"Con Brisa Rodr\u00edguez en el equipo, la Selecci\u00f3n Bonaerense Sub 14 fue octava"},"content":{"rendered":"<p>Se disput\u00f3 el Argentino de Selecciones Sub 14 en Tucum\u00e1n y la jugadora del Club Estudiantes Brisa Rodr\u00edguez integr\u00f3 la Selecci\u00f3n Bonaerense que se ubic\u00f3 octava en la clasificaci\u00f3n final.<\/p>\n<p><!--more--><\/p>\n<hr \/>\n<p>La olavarriense fue la capitana del equipo bonaerense y logr\u00f3, a lo largo del campeonato, una buena actuaci\u00f3n individual.<\/p>\n<p>&nbsp;<\/p>\n<p>En el recorrido comenzaron muy bien sin ceder sets ante Jujuy, Santiago Del Estero y San Juan y luego cayeron ante los siempre fuertes C\u00f3rdoba, Metro, Tucum\u00e1n y Mendoza para finalizar en mencionado puesto.<\/p>\n<p>&nbsp;<\/p>\n<p>Los resultados Selecci\u00f3n Bonaerense Sub 14:<\/p>\n<p>3-0 Jujuy<br \/>\n3-0 Santiago del estero<br \/>\n3-0 San Juan<br \/>\n1-3 C\u00f3rdoba<br \/>\n0-3 Metropolitana<br \/>\n2-3 Tucum\u00e1n<br \/>\n1-3 Mendoza<\/p>\n","protected":false},"excerpt":{"rendered":"<p>Se disput\u00f3 el Argentino de Selecciones Sub 14 en Tucum\u00e1n y la jugadora del Club Estudiantes Brisa Rodr\u00edguez integr\u00f3 la<\/p>\n","protected":false},"author":96739694,"featured_media":157139,"comment_status":"closed","ping_status":"closed","sticky":false,"template":"","format":"standard","meta":{"_jetpack_memberships_contains_paid_content":false,"footnotes":""},"categories":[30,1],"tags":[],"class_list":["post-137421","post","type-post","status-publish","format-standard","has-post-thumbnail","hentry","category-polideportivo","category-portada"],"jetpack_featured_media_url":"https:\/\/i0.wp.com\/cdnoticias.com\/wp-content\/uploads\/2023\/08\/370954653_792580079539352_7481673058594399767_n-e1693264591626.jpg?fit=1436%2C867&ssl=1","jetpack_sharing_enabled":true,"_links":{"self":[{"href":"https:\/\/cdnoticias.com\/index.php\/wp-json\/wp\/v2\/posts\/137421","targetHints":{"allow":["GET"]}}],"collection":[{"href":"https:\/\/cdnoticias.com\/index.php\/wp-json\/wp\/v2\/posts"}],"about":[{"href":"https:\/\/cdnoticias.com\/index.php\/wp-json\/wp\/v2\/types\/post"}],"author":[{"embeddable":true,"href":"https:\/\/cdnoticias.com\/index.php\/wp-json\/wp\/v2\/users\/96739694"}],"replies":[{"embeddable":true,"href":"https:\/\/cdnoticias.com\/index.php\/wp-json\/wp\/v2\/comments?post=137421"}],"version-history":[{"count":0,"href":"https:\/\/cdnoticias.com\/index.php\/wp-json\/wp\/v2\/posts\/137421\/revisions"}],"wp:featuredmedia":[{"embeddable":true,"href":"https:\/\/cdnoticias.com\/index.php\/wp-json\/wp\/v2\/media\/157139"}],"wp:attachment":[{"href":"https:\/\/cdnoticias.com\/index.php\/wp-json\/wp\/v2\/media?parent=137421"}],"wp:term":[{"taxonomy":"category","embeddable":true,"href":"https:\/\/cdnoticias.com\/index.php\/wp-json\/wp\/v2\/categories?post=137421"},{"taxonomy":"post_tag","embeddable":true,"href":"https:\/\/cdnoticias.com\/index.php\/wp-json\/wp\/v2\/tags?post=137421"}],"curies":[{"name":"wp","href":"https:\/\/api.w.org\/{rel}","templated":true}]}}