{"id":137413,"date":"2023-08-27T22:33:44","date_gmt":"2023-08-28T01:33:44","guid":{"rendered":"http:\/\/centraldeportes.com.ar\/?p=40730"},"modified":"2025-02-11T21:12:24","modified_gmt":"2025-02-12T00:12:24","slug":"torneo-oficial-lfo-se-jugo-la-2-fecha-y-dejo-varias-goleadas","status":"publish","type":"post","link":"https:\/\/cdnoticias.com\/index.php\/2023\/08\/27\/torneo-oficial-lfo-se-jugo-la-2-fecha-y-dejo-varias-goleadas\/","title":{"rendered":"Torneo Oficial LFO: se jug\u00f3 la 2\u00b0 fecha y dej\u00f3 varias goleadas"},"content":{"rendered":"<p>Este domingo tuvo continuidad el campeonato local organizado por la Liga de F\u00fatbol de Olavarr\u00eda, con cinco victorias y una igualdad.<!--more--><\/p>\n<hr \/>\n<p>Con la participaci\u00f3n de los <strong>doce representantes<\/strong> de la categor\u00eda, este domingo por la tarde tuvo continuidad el <strong>Torneo Oficial de Primera Divisi\u00f3n y Reserva<\/strong> con el transcurso de la <strong>2\u00b0 fecha<\/strong>, que tuvo tambi\u00e9n el estreno oficial de Embajadores y Municipales en el campeonato.<\/p>\n<p>&nbsp;<\/p>\n<p>El bal\u00f3n rod\u00f3 en seis escenarios de la ciudad y en tres de ellos hubo goleadas. A la par, <strong>festejaron Estudiantes, Embajadores, El Fort\u00edn, Racing y Sierra Chica<\/strong>, en tanto que Ferro y Municipales fueron los \u00fanicos que repartieron puntos.<\/p>\n<p>&nbsp;<\/p>\n<p>Ante los resultados previstos, el \u201cBata\u201d, el \u201cChaira\u201d y el \u201cFortinero\u201d son los l\u00edderes del certamen con dos jugados y dos ganados.<\/p>\n<p>&nbsp;<\/p>\n<p>[soliloquy id=&#8221;40791&#8243;]<\/p>\n<p>&nbsp;<\/p>\n<h6><strong>Resultados:<\/strong><\/h6>\n<p>&nbsp;<\/p>\n<h6>Primera Divisi\u00f3n<\/h6>\n<p>&nbsp;<\/p>\n<p><strong>Sierra Chica<\/strong> (Emanuel De Cort\u00e1zar -3-, Miqueas Molina y Sebasti\u00e1n Ortiz) <strong>5 \u2013 1 Luj\u00e1n<\/strong> (Mat\u00edas Pereyra)<\/p>\n<p><strong>Loma Negra 0 \u2013 1 Racing<\/strong> (Rub\u00e9n Tarasco)<\/p>\n<p><a href=\"http:\/\/centraldeportes.com.ar\/estudiantes-aplasto-a-hinojo-a-domicilio\/\"><strong>Hinojo 0 \u2013 6 Estudiantes<\/strong> (Gonzalo P\u00e1ez, Lautaro Crivelli -2-, Franco Vignale, Ram\u00f3n S\u00e1nchez y Juan Jos\u00e9 Longhini)<\/a><\/p>\n<p><strong>El Fort\u00edn<\/strong> (Yoel Gonz\u00e1lez y Lorenzo Ferrara) <strong>2 \u2013 0 San Mart\u00edn<\/strong><\/p>\n<p><strong>Municipales<\/strong> (Alejandro Bianciotto) <strong>1 \u2013 1 Ferro Carril Sud<\/strong> (Tom\u00e1s Lindner)<\/p>\n<p><strong>Embajadores<\/strong> (Nicol\u00e1s Lareu -3-, Nicol\u00e1s Daffara -2-, Luciano Rojas y Joaqu\u00edn Lamas) <strong>7 \u2013 1 Espigas<\/strong> (Juan Lamique)<\/p>\n<p>&nbsp;<\/p>\n<p><img data-recalc-dims=\"1\" loading=\"lazy\" decoding=\"async\" class=\"aligncenter size-full wp-image-40742\" src=\"https:\/\/i0.wp.com\/centraldeportes.com.ar\/wp-content\/uploads\/2023\/08\/Posiciones-2%C2%B0-Fecha-Primera.png?resize=786%2C572\" alt=\"\" width=\"786\" height=\"572\" \/><\/p>\n<p>&nbsp;<\/p>\n<h6>Reserva<\/h6>\n<p>&nbsp;<\/p>\n<p>Sierra Chica <strong>0 \u2013 1<\/strong> Luj\u00e1n<\/p>\n<p>Loma Negra <strong>2 \u2013 6<\/strong> Racing<\/p>\n<p>Hinojo <strong>0 \u2013 1<\/strong> Estudiantes<\/p>\n<p>El Fort\u00edn <strong>0 \u2013 0<\/strong> San Mart\u00edn<\/p>\n<p>Embajadores <strong>4 \u2013 1<\/strong> Espigas<\/p>\n<p>&nbsp;<\/p>\n<p><img data-recalc-dims=\"1\" loading=\"lazy\" decoding=\"async\" class=\"aligncenter size-full wp-image-40743\" src=\"https:\/\/i0.wp.com\/centraldeportes.com.ar\/wp-content\/uploads\/2023\/08\/Posiciones-2%C2%B0-fecha-Reserva.png?resize=784%2C567\" alt=\"\" width=\"784\" height=\"567\" \/><\/p>\n<hr \/>\n<h6>Pr\u00f3xima fecha (3\u00b0):<\/h6>\n<p><img data-recalc-dims=\"1\" loading=\"lazy\" decoding=\"async\" class=\"aligncenter size-full wp-image-40744\" src=\"https:\/\/i0.wp.com\/centraldeportes.com.ar\/wp-content\/uploads\/2023\/08\/Fecha-3.png?resize=709%2C225\" alt=\"\" width=\"709\" height=\"225\" \/><\/p>\n","protected":false},"excerpt":{"rendered":"<p>Este domingo tuvo continuidad el campeonato local organizado por la Liga de F\u00fatbol de Olavarr\u00eda, con cinco victorias y una<\/p>\n","protected":false},"author":96739694,"featured_media":157162,"comment_status":"closed","ping_status":"closed","sticky":false,"template":"","format":"standard","meta":{"_jetpack_memberships_contains_paid_content":false,"footnotes":""},"categories":[35,1,41],"tags":[],"class_list":["post-137413","post","type-post","status-publish","format-standard","has-post-thumbnail","hentry","category-futbol","category-portada","category-primera-y-reserva"],"jetpack_featured_media_url":"https:\/\/i0.wp.com\/cdnoticias.com\/wp-content\/uploads\/2023\/08\/Municipales-vs-Ferro-6.jpeg?fit=1040%2C694&ssl=1","jetpack_sharing_enabled":true,"_links":{"self":[{"href":"https:\/\/cdnoticias.com\/index.php\/wp-json\/wp\/v2\/posts\/137413","targetHints":{"allow":["GET"]}}],"collection":[{"href":"https:\/\/cdnoticias.com\/index.php\/wp-json\/wp\/v2\/posts"}],"about":[{"href":"https:\/\/cdnoticias.com\/index.php\/wp-json\/wp\/v2\/types\/post"}],"author":[{"embeddable":true,"href":"https:\/\/cdnoticias.com\/index.php\/wp-json\/wp\/v2\/users\/96739694"}],"replies":[{"embeddable":true,"href":"https:\/\/cdnoticias.com\/index.php\/wp-json\/wp\/v2\/comments?post=137413"}],"version-history":[{"count":0,"href":"https:\/\/cdnoticias.com\/index.php\/wp-json\/wp\/v2\/posts\/137413\/revisions"}],"wp:featuredmedia":[{"embeddable":true,"href":"https:\/\/cdnoticias.com\/index.php\/wp-json\/wp\/v2\/media\/157162"}],"wp:attachment":[{"href":"https:\/\/cdnoticias.com\/index.php\/wp-json\/wp\/v2\/media?parent=137413"}],"wp:term":[{"taxonomy":"category","embeddable":true,"href":"https:\/\/cdnoticias.com\/index.php\/wp-json\/wp\/v2\/categories?post=137413"},{"taxonomy":"post_tag","embeddable":true,"href":"https:\/\/cdnoticias.com\/index.php\/wp-json\/wp\/v2\/tags?post=137413"}],"curies":[{"name":"wp","href":"https:\/\/api.w.org\/{rel}","templated":true}]}}