{"id":137406,"date":"2023-08-26T23:07:56","date_gmt":"2023-08-27T02:07:56","guid":{"rendered":"http:\/\/centraldeportes.com.ar\/?p=40681"},"modified":"2025-02-11T21:08:25","modified_gmt":"2025-02-12T00:08:25","slug":"las-divisiones-menores-completaron-otra-jornada-del-clausura","status":"publish","type":"post","link":"https:\/\/cdnoticias.com\/index.php\/2023\/08\/26\/las-divisiones-menores-completaron-otra-jornada-del-clausura\/","title":{"rendered":"Las divisiones menores completaron otra jornada del Clausura"},"content":{"rendered":"<p>Con m\u00e1s de veinte partidos disputados, las categor\u00edas juveniles de la Liga de F\u00fatbol de Olavarr\u00eda tacharon la 3\u00b0 fecha del tercer torneo del a\u00f1o.<!--more--><\/p>\n<hr \/>\n<p>Este s\u00e1bado, las <strong>Divisiones Inferiores<\/strong> olavarrienses regresaron a la actividad en el verde c\u00e9sped y celebraron de manera \u00edntegra la <strong>3\u00b0 fecha del Torneo Clausura<\/strong>.<\/p>\n<p>&nbsp;<\/p>\n<p>Hubo acci\u00f3n en siete escenarios de la ciudad, donde se desarrollaron <strong>veinticinco partidos entre las seis divisiones<\/strong> menores.<\/p>\n<p>&nbsp;<\/p>\n<p>Dentro del balance, solo <strong>Estudiantes y Loma Negra<\/strong> repartieron local\u00edas con tres igualdades y tres triunfos para el \u201cBataraz\u201d. A la par, <b>Racing\u00a0<\/b>fue el \u00fanico equipo que no contabiliz\u00f3 derrotas.<\/p>\n<p>&nbsp;<\/p>\n<p>[soliloquy id=&#8221;40667&#8243;]<\/p>\n<p>&nbsp;<\/p>\n<h6><strong>Resultados:<\/strong><\/h6>\n<p>&nbsp;<\/p>\n<h6><strong>En D\u00e9cima<\/strong>:<\/h6>\n<p>El Fort\u00edn <strong>2 \u2013 0<\/strong> Sierra Chica<\/p>\n<p>Embajadores <strong>3 \u2013 1<\/strong> Ferro<\/p>\n<p>Estudiantes <strong>0 \u2013 0<\/strong> Loma Negra<\/p>\n<p>Hinojo <strong>1 \u2013 0<\/strong> San Mart\u00edn<\/p>\n<p>&nbsp;<\/p>\n<p><img data-recalc-dims=\"1\" loading=\"lazy\" decoding=\"async\" class=\"aligncenter size-full wp-image-40684\" src=\"https:\/\/i0.wp.com\/centraldeportes.com.ar\/wp-content\/uploads\/2023\/08\/Posiciones-D%C3%A9cima-3%C2%B0-fecha-Clausura.png?resize=789%2C486\" alt=\"\" width=\"789\" height=\"486\" \/><\/p>\n<p>&nbsp;<\/p>\n<h6><strong>En Novena<\/strong>:<\/h6>\n<p>El Fort\u00edn <strong>5 \u2013 1<\/strong> Sierra Chica<\/p>\n<p>Embajadores <strong>2 \u2013 3<\/strong> Ferro<\/p>\n<p>Estudiantes <strong>2 \u2013 0<\/strong> Loma Negra<\/p>\n<p>&nbsp;<\/p>\n<p><img data-recalc-dims=\"1\" loading=\"lazy\" decoding=\"async\" class=\"aligncenter size-full wp-image-40685\" src=\"https:\/\/i0.wp.com\/centraldeportes.com.ar\/wp-content\/uploads\/2023\/08\/Posiciones-Novena-3%C2%B0-fecha-Clausura.png?resize=786%2C417\" alt=\"\" width=\"786\" height=\"417\" \/><\/p>\n<p>&nbsp;<\/p>\n<h6><strong>En Octava<\/strong>:<\/h6>\n<p>El Fort\u00edn <strong>1 \u2013 0<\/strong> Sierra Chica<\/p>\n<p>Embajadores <strong>2 \u2013 1<\/strong> Ferro<\/p>\n<p>Luj\u00e1n <strong>0 \u2013 2<\/strong> Municipales<\/p>\n<p>Estudiantes <strong>0 \u2013 0<\/strong> Loma Negra<\/p>\n<p>Hinojo <strong>0 \u2013 1<\/strong> San Mart\u00edn<\/p>\n<p>Colonias y Cerros <strong>0 \u2013 11<\/strong> Racing<\/p>\n<p>&nbsp;<\/p>\n<p><img data-recalc-dims=\"1\" loading=\"lazy\" decoding=\"async\" class=\"aligncenter size-full wp-image-40686\" src=\"https:\/\/i0.wp.com\/centraldeportes.com.ar\/wp-content\/uploads\/2023\/08\/Posiciones-Octava-3%C2%B0-fecha-Clausura.png?resize=786%2C570\" alt=\"\" width=\"786\" height=\"570\" \/><\/p>\n<p>&nbsp;<\/p>\n<h6><strong>En S\u00e9ptima:<\/strong><\/h6>\n<p>Embajadores <strong>3 \u2013 0<\/strong> Ferro<\/p>\n<p>Loma Negra <strong>0 \u2013 4<\/strong> Estudiantes<\/p>\n<p>Hinojo <strong>1 \u2013 1<\/strong> San Mart\u00edn<\/p>\n<p>Colonias y Cerros <strong>0 \u2013 1<\/strong> Racing<\/p>\n<p>&nbsp;<\/p>\n<p><img data-recalc-dims=\"1\" loading=\"lazy\" decoding=\"async\" class=\"aligncenter size-full wp-image-40688\" src=\"https:\/\/i0.wp.com\/centraldeportes.com.ar\/wp-content\/uploads\/2023\/08\/Posiciones-S%C3%A9ptima-3%C2%B0-fecha-Clausura.png?resize=785%2C491\" alt=\"\" width=\"785\" height=\"491\" \/><\/p>\n<p>&nbsp;<\/p>\n<h6><strong>En Sexta:<\/strong><\/h6>\n<p>El Fort\u00edn<strong> 1 \u2013 2<\/strong> Sierra Chica<\/p>\n<p>Embajadores <strong>1 \u2013 0<\/strong> Ferro<\/p>\n<p>Luj\u00e1n <strong>0 \u2013 4<\/strong> Municipales<\/p>\n<p>Loma Negra <strong>0 \u2013 0<\/strong> Estudiantes<\/p>\n<p>Colonias y Cerros <strong>0 \u2013 5<\/strong> Racing<\/p>\n<p>&nbsp;<\/p>\n<p><img data-recalc-dims=\"1\" loading=\"lazy\" decoding=\"async\" class=\"aligncenter size-full wp-image-40689\" src=\"https:\/\/i0.wp.com\/centraldeportes.com.ar\/wp-content\/uploads\/2023\/08\/Posiciones-Sexta-3%C2%B0-fecha-Clausura.png?resize=788%2C528\" alt=\"\" width=\"788\" height=\"528\" \/><\/p>\n<p>&nbsp;<\/p>\n<h6><strong>En Quinta:<\/strong><\/h6>\n<p>El Fort\u00edn <strong>0 \u2013 2<\/strong> Sierra Chica<\/p>\n<p>Luj\u00e1n <strong>2 \u2013 1<\/strong> Municipales<\/p>\n<p>Loma Negra <strong>1 \u2013 2<\/strong> Estudiantes<\/p>\n<p>&nbsp;<\/p>\n<p><img data-recalc-dims=\"1\" loading=\"lazy\" decoding=\"async\" class=\"aligncenter size-full wp-image-40687\" src=\"https:\/\/i0.wp.com\/centraldeportes.com.ar\/wp-content\/uploads\/2023\/08\/Posiciones-Quinta-3%C2%B0-fecha-Clausura.png?resize=783%2C492\" alt=\"\" width=\"783\" height=\"492\" \/><\/p>\n","protected":false},"excerpt":{"rendered":"<p>Con m\u00e1s de veinte partidos disputados, las categor\u00edas juveniles de la Liga de F\u00fatbol de Olavarr\u00eda tacharon la 3\u00b0 fecha<\/p>\n","protected":false},"author":96739694,"featured_media":157054,"comment_status":"closed","ping_status":"closed","sticky":false,"template":"","format":"standard","meta":{"_jetpack_memberships_contains_paid_content":false,"footnotes":""},"categories":[35,40,1],"tags":[],"class_list":["post-137406","post","type-post","status-publish","format-standard","has-post-thumbnail","hentry","category-futbol","category-inferiores","category-portada"],"jetpack_featured_media_url":"https:\/\/i0.wp.com\/cdnoticias.com\/wp-content\/uploads\/2023\/08\/Photo_1693090786271-scaled.jpg?fit=2560%2C1706&ssl=1","jetpack_sharing_enabled":true,"_links":{"self":[{"href":"https:\/\/cdnoticias.com\/index.php\/wp-json\/wp\/v2\/posts\/137406","targetHints":{"allow":["GET"]}}],"collection":[{"href":"https:\/\/cdnoticias.com\/index.php\/wp-json\/wp\/v2\/posts"}],"about":[{"href":"https:\/\/cdnoticias.com\/index.php\/wp-json\/wp\/v2\/types\/post"}],"author":[{"embeddable":true,"href":"https:\/\/cdnoticias.com\/index.php\/wp-json\/wp\/v2\/users\/96739694"}],"replies":[{"embeddable":true,"href":"https:\/\/cdnoticias.com\/index.php\/wp-json\/wp\/v2\/comments?post=137406"}],"version-history":[{"count":0,"href":"https:\/\/cdnoticias.com\/index.php\/wp-json\/wp\/v2\/posts\/137406\/revisions"}],"wp:featuredmedia":[{"embeddable":true,"href":"https:\/\/cdnoticias.com\/index.php\/wp-json\/wp\/v2\/media\/157054"}],"wp:attachment":[{"href":"https:\/\/cdnoticias.com\/index.php\/wp-json\/wp\/v2\/media?parent=137406"}],"wp:term":[{"taxonomy":"category","embeddable":true,"href":"https:\/\/cdnoticias.com\/index.php\/wp-json\/wp\/v2\/categories?post=137406"},{"taxonomy":"post_tag","embeddable":true,"href":"https:\/\/cdnoticias.com\/index.php\/wp-json\/wp\/v2\/tags?post=137406"}],"curies":[{"name":"wp","href":"https:\/\/api.w.org\/{rel}","templated":true}]}}