{"id":137400,"date":"2023-08-25T22:54:26","date_gmt":"2023-08-26T01:54:26","guid":{"rendered":"http:\/\/centraldeportes.com.ar\/?p=40642"},"modified":"2025-02-11T21:08:38","modified_gmt":"2025-02-12T00:08:38","slug":"la-pelota-volvera-a-rodar-en-la-divisional-b","status":"publish","type":"post","link":"https:\/\/cdnoticias.com\/index.php\/2023\/08\/25\/la-pelota-volvera-a-rodar-en-la-divisional-b\/","title":{"rendered":"La pelota volver\u00e1 a rodar en la Divisional B"},"content":{"rendered":"<p>Este domingo, la segunda categor\u00eda de la Liga de F\u00fatbol de Olavarr\u00eda retomar\u00e1 la actividad del Torneo Oficial en tres escenarios.<\/p>\n<p><!--more--><\/p>\n<hr \/>\n<p>Tal como se hab\u00eda acordado en una de las reuniones de la LFO d\u00edas atr\u00e1s, este fin de semana retornar\u00e1 la acci\u00f3n de la <strong>Divisional B<\/strong> con el transcurso de la <strong>9\u00b0 fecha del Torneo Oficial<\/strong>.<\/p>\n<p>&nbsp;<\/p>\n<p>M\u00e1s de veinte d\u00edas pasaron desde la \u00faltima fecha jugada, que se vio interrumpida tras lo sucedido en Colonia San Miguel, la baja de Defensores de Hinojo y el reclamo de los \u00e1rbitros asociados a la Liga de F\u00fatbol.<\/p>\n<p>&nbsp;<\/p>\n<p>Seg\u00fan confirmaron dirigentes de la categor\u00eda, a partir de este domingo <strong>los arbitrajes de los partidos estar\u00e1n comandados por una asociaci\u00f3n independiente perteneciente a Juan Ciancio<\/strong>. Y ser\u00e1 con tres enfrentamientos, a excepci\u00f3n del &#8220;Tricolor&#8221; y de Villa Magdalena que no tendr\u00e1n actividad.<\/p>\n<p>&nbsp;<\/p>\n<h6><strong>Cruces de la 9\u00b0 fecha:<\/strong><\/h6>\n<p>&nbsp;<\/p>\n<p><strong>En Embajadores<\/strong><\/p>\n<p>Recalde \u2013 Independiente de Colonia San Miguel (Domingo 27\/\/ Primera: 18:00; <strong>Lunes 28\/\/ Reserva: 20:00<\/strong>)<\/p>\n<p>&nbsp;<\/p>\n<p><strong>En Santa \u00c1gueda<\/strong><\/p>\n<p>Pueyrred\u00f3n \u2013 San Lorenzo (Reserva: 13:30 y Primera: 15:30)<\/p>\n<p>&nbsp;<\/p>\n<p><strong>En Crotto<\/strong><\/p>\n<p>Crotto \u2013 Mu\u00f1oz (Reserva: 13:30 y Primera: 15:30)<\/p>\n<p>&nbsp;<\/p>\n<p><strong>Libre:<\/strong> Colonias y Cerros.<\/p>\n","protected":false},"excerpt":{"rendered":"<p>Este domingo, la segunda categor\u00eda de la Liga de F\u00fatbol de Olavarr\u00eda retomar\u00e1 la actividad del Torneo Oficial en tres<\/p>\n","protected":false},"author":96739694,"featured_media":157064,"comment_status":"closed","ping_status":"closed","sticky":false,"template":"","format":"standard","meta":{"_jetpack_memberships_contains_paid_content":false,"footnotes":""},"categories":[35,1,41],"tags":[],"class_list":["post-137400","post","type-post","status-publish","format-standard","has-post-thumbnail","hentry","category-futbol","category-portada","category-primera-y-reserva"],"jetpack_featured_media_url":"https:\/\/i0.wp.com\/cdnoticias.com\/wp-content\/uploads\/2023\/07\/WhatsApp-Image-2023-07-27-at-22.48.24-1.jpeg?fit=1280%2C853&ssl=1","jetpack_sharing_enabled":true,"_links":{"self":[{"href":"https:\/\/cdnoticias.com\/index.php\/wp-json\/wp\/v2\/posts\/137400","targetHints":{"allow":["GET"]}}],"collection":[{"href":"https:\/\/cdnoticias.com\/index.php\/wp-json\/wp\/v2\/posts"}],"about":[{"href":"https:\/\/cdnoticias.com\/index.php\/wp-json\/wp\/v2\/types\/post"}],"author":[{"embeddable":true,"href":"https:\/\/cdnoticias.com\/index.php\/wp-json\/wp\/v2\/users\/96739694"}],"replies":[{"embeddable":true,"href":"https:\/\/cdnoticias.com\/index.php\/wp-json\/wp\/v2\/comments?post=137400"}],"version-history":[{"count":0,"href":"https:\/\/cdnoticias.com\/index.php\/wp-json\/wp\/v2\/posts\/137400\/revisions"}],"wp:featuredmedia":[{"embeddable":true,"href":"https:\/\/cdnoticias.com\/index.php\/wp-json\/wp\/v2\/media\/157064"}],"wp:attachment":[{"href":"https:\/\/cdnoticias.com\/index.php\/wp-json\/wp\/v2\/media?parent=137400"}],"wp:term":[{"taxonomy":"category","embeddable":true,"href":"https:\/\/cdnoticias.com\/index.php\/wp-json\/wp\/v2\/categories?post=137400"},{"taxonomy":"post_tag","embeddable":true,"href":"https:\/\/cdnoticias.com\/index.php\/wp-json\/wp\/v2\/tags?post=137400"}],"curies":[{"name":"wp","href":"https:\/\/api.w.org\/{rel}","templated":true}]}}