{"id":137399,"date":"2023-08-25T20:50:23","date_gmt":"2023-08-25T23:50:23","guid":{"rendered":"http:\/\/centraldeportes.com.ar\/?p=40639"},"modified":"2025-02-11T21:08:39","modified_gmt":"2025-02-12T00:08:39","slug":"buenos-resultados-para-el-fortin-boca-e-hinojo-en-bolivar","status":"publish","type":"post","link":"https:\/\/cdnoticias.com\/index.php\/2023\/08\/25\/buenos-resultados-para-el-fortin-boca-e-hinojo-en-bolivar\/","title":{"rendered":"Buenos resultados para El Fort\u00edn, Boca e Hinojo en Bol\u00edvar"},"content":{"rendered":"<p>El pasado domingo y con la organizaci\u00f3n de la Asociaci\u00f3n del Centro de Pat\u00edn se llev\u00f3 a cabo el 1\u00b0 Torneo Regional y estuvieron presentes Hinojo, Boca Junior y El Fort\u00edn que se ubicaron en las principales posiciones de la tabla general.<!--more--><\/p>\n<hr \/>\n<p>En el Parque Las Acollaradas, <strong>El Fort\u00edn logr\u00f3 el primer puesto de la tabla general luego de presentarse con 23 deportistas<\/strong> en las categor\u00edas Escuela, Intermedia y Federados.<\/p>\n<p>&nbsp;<\/p>\n<p>Valentina Gyarmatti, Priscila Rivarola, Sol Parache, Gala Piecenti, Emma Cunioli y Olivia Guardia corrieron en Escuela Menores Damas; Noah Farra, Nahomi Farra, \u00c1mbar Guardia, Esperanza Rossi y Oriana Piris hicieron lo propio en Promocional Damas y en Sexta estuvieron Angelina Rakoczi, Berenice S\u00e1nchez, Jazm\u00edn Mora y Milo Casta\u00f1ares.<\/p>\n<p>&nbsp;<\/p>\n<p>En Cuarta Damas particip\u00f3 Zaira Beltr\u00e1n y en Mayores Jimena Rivas, mientras que en Intermedia estuvieron Violetta Bustamante en Sexta y Mirari Bourguez N\u00fa\u00f1ez en Pre Juveniles que lograron la medalla de oro.<\/p>\n<p>&nbsp;<\/p>\n<p>Dentro de la categor\u00eda Federados, Lourdes Leal fue segunda en Cuarta Damas, Lucila Rakoczi obtuvo medalla de oro en Quinta y en Sexta, Bautista Gyarmatti tambi\u00e9n logr\u00f3 medalla de plata.<\/p>\n<p>&nbsp;<\/p>\n\n<p>&nbsp;<\/p>\n<p>Tambi\u00e9n fue destacado lo hecho por e<strong>l Club Boca Junior que en la sumatoria de puntos logr\u00f3 el segundo lugar<\/strong> en la tabla general e Hinojo, que se present\u00f3 con Taina Lili, Melanie Pucheta, Zoe Cavia, Mar\u00eda Paula V\u00e1zquez, Xiomara Garc\u00eda, Priscila Meccia, Jazm\u00edn Meccia y Rihana Gait\u00e1n,\u00a0 finaliz\u00f3 cuarto.<\/p>\n","protected":false},"excerpt":{"rendered":"<p>El pasado domingo y con la organizaci\u00f3n de la Asociaci\u00f3n del Centro de Pat\u00edn se llev\u00f3 a cabo el 1\u00b0<\/p>\n","protected":false},"author":96739694,"featured_media":157066,"comment_status":"closed","ping_status":"closed","sticky":false,"template":"","format":"standard","meta":{"_jetpack_memberships_contains_paid_content":false,"footnotes":""},"categories":[30,1],"tags":[],"class_list":["post-137399","post","type-post","status-publish","format-standard","has-post-thumbnail","hentry","category-polideportivo","category-portada"],"jetpack_featured_media_url":"https:\/\/i0.wp.com\/cdnoticias.com\/wp-content\/uploads\/2023\/08\/369808468_765328732268996_3512967606228485117_n.jpg?fit=729%2C413&ssl=1","jetpack_sharing_enabled":true,"_links":{"self":[{"href":"https:\/\/cdnoticias.com\/index.php\/wp-json\/wp\/v2\/posts\/137399","targetHints":{"allow":["GET"]}}],"collection":[{"href":"https:\/\/cdnoticias.com\/index.php\/wp-json\/wp\/v2\/posts"}],"about":[{"href":"https:\/\/cdnoticias.com\/index.php\/wp-json\/wp\/v2\/types\/post"}],"author":[{"embeddable":true,"href":"https:\/\/cdnoticias.com\/index.php\/wp-json\/wp\/v2\/users\/96739694"}],"replies":[{"embeddable":true,"href":"https:\/\/cdnoticias.com\/index.php\/wp-json\/wp\/v2\/comments?post=137399"}],"version-history":[{"count":0,"href":"https:\/\/cdnoticias.com\/index.php\/wp-json\/wp\/v2\/posts\/137399\/revisions"}],"wp:featuredmedia":[{"embeddable":true,"href":"https:\/\/cdnoticias.com\/index.php\/wp-json\/wp\/v2\/media\/157066"}],"wp:attachment":[{"href":"https:\/\/cdnoticias.com\/index.php\/wp-json\/wp\/v2\/media?parent=137399"}],"wp:term":[{"taxonomy":"category","embeddable":true,"href":"https:\/\/cdnoticias.com\/index.php\/wp-json\/wp\/v2\/categories?post=137399"},{"taxonomy":"post_tag","embeddable":true,"href":"https:\/\/cdnoticias.com\/index.php\/wp-json\/wp\/v2\/tags?post=137399"}],"curies":[{"name":"wp","href":"https:\/\/api.w.org\/{rel}","templated":true}]}}