{"id":137390,"date":"2023-08-24T19:19:11","date_gmt":"2023-08-24T22:19:11","guid":{"rendered":"http:\/\/centraldeportes.com.ar\/?p=40578"},"modified":"2025-02-11T21:09:20","modified_gmt":"2025-02-12T00:09:20","slug":"nicolas-gimenez-ya-se-entrena-pensando-en-la-liga-nacional","status":"publish","type":"post","link":"https:\/\/cdnoticias.com\/index.php\/2023\/08\/24\/nicolas-gimenez-ya-se-entrena-pensando-en-la-liga-nacional\/","title":{"rendered":"Nicol\u00e1s Gim\u00e9nez ya se entrena pensando en la Liga Nacional"},"content":{"rendered":"<p>Nicol\u00e1s Gim\u00e9nez termin\u00f3 con su receso y el pasado lunes comenz\u00f3 con la pretemporada en Argentino de Jun\u00edn que volver\u00e1 a ser parte de la Liga Nacional.<!--more--><\/p>\n<hr \/>\n<p>En El Fort\u00edn de Las Morochas, con la mira puesta en el inicio de la temporada 2023\/24 de la Liga Nacional de B\u00e1squet pautada para la segunda semana de octubre. Ser\u00e1 la d\u00e9cima segunda edici\u00f3n consecutiva que dispute el \u201cTurco\u201d en la m\u00e1xima categor\u00eda y la d\u00e9cima sexta en su historia.<\/p>\n<p>&nbsp;<\/p>\n<p>El plantel ser\u00e1 conducido nuevamente por Mat\u00edas Huarte luego de lograr el objetivo de la permanencia en la campa\u00f1a anterior. Junto a \u00e9l estar\u00e1 tambi\u00e9n Diego Cam\u00fan como asistente y se suma Juan Ignacio Mart\u00edn, entrenador que proviene de Los Indios. El cuerpo t\u00e9cnico lo completa el preparador f\u00edsico Guido Rodr\u00edguez.<\/p>\n<p>&nbsp;<\/p>\n<p>Nicol\u00e1s Gim\u00e9nez fue una de las fichas mayores ya confirmadas en el equipo juninense que tambi\u00e9n tiene confirmadas a Juan Cangelosi, Jonatan Slider, Agust\u00edn Facello (los tres estuvieron en la 2022\/23), Santino Romegialli, Guillermo Aliende, Alejandro Aloatti y Many Payton, estos dos \u00faltimos a\u00fan no est\u00e1n practicando ya que Aloatti llegar\u00e1 el lunes y Payton en septiembre.<\/p>\n","protected":false},"excerpt":{"rendered":"<p>Nicol\u00e1s Gim\u00e9nez termin\u00f3 con su receso y el pasado lunes comenz\u00f3 con la pretemporada en Argentino de Jun\u00edn que volver\u00e1<\/p>\n","protected":false},"author":96739694,"featured_media":157095,"comment_status":"closed","ping_status":"closed","sticky":false,"template":"","format":"standard","meta":{"_jetpack_memberships_contains_paid_content":false,"footnotes":""},"categories":[31,36,1],"tags":[],"class_list":["post-137390","post","type-post","status-publish","format-standard","has-post-thumbnail","hentry","category-basquet","category-liga-nacional","category-portada"],"jetpack_featured_media_url":"https:\/\/i0.wp.com\/cdnoticias.com\/wp-content\/uploads\/2023\/08\/arg-web-2.jpg?fit=900%2C599&ssl=1","jetpack_sharing_enabled":true,"_links":{"self":[{"href":"https:\/\/cdnoticias.com\/index.php\/wp-json\/wp\/v2\/posts\/137390","targetHints":{"allow":["GET"]}}],"collection":[{"href":"https:\/\/cdnoticias.com\/index.php\/wp-json\/wp\/v2\/posts"}],"about":[{"href":"https:\/\/cdnoticias.com\/index.php\/wp-json\/wp\/v2\/types\/post"}],"author":[{"embeddable":true,"href":"https:\/\/cdnoticias.com\/index.php\/wp-json\/wp\/v2\/users\/96739694"}],"replies":[{"embeddable":true,"href":"https:\/\/cdnoticias.com\/index.php\/wp-json\/wp\/v2\/comments?post=137390"}],"version-history":[{"count":0,"href":"https:\/\/cdnoticias.com\/index.php\/wp-json\/wp\/v2\/posts\/137390\/revisions"}],"wp:featuredmedia":[{"embeddable":true,"href":"https:\/\/cdnoticias.com\/index.php\/wp-json\/wp\/v2\/media\/157095"}],"wp:attachment":[{"href":"https:\/\/cdnoticias.com\/index.php\/wp-json\/wp\/v2\/media?parent=137390"}],"wp:term":[{"taxonomy":"category","embeddable":true,"href":"https:\/\/cdnoticias.com\/index.php\/wp-json\/wp\/v2\/categories?post=137390"},{"taxonomy":"post_tag","embeddable":true,"href":"https:\/\/cdnoticias.com\/index.php\/wp-json\/wp\/v2\/tags?post=137390"}],"curies":[{"name":"wp","href":"https:\/\/api.w.org\/{rel}","templated":true}]}}