{"id":137386,"date":"2023-08-24T17:05:56","date_gmt":"2023-08-24T20:05:56","guid":{"rendered":"http:\/\/centraldeportes.com.ar\/?p=40560"},"modified":"2025-02-11T21:09:21","modified_gmt":"2025-02-12T00:09:21","slug":"diego-cisneros-fue-quinto-en-cordoba","status":"publish","type":"post","link":"https:\/\/cdnoticias.com\/index.php\/2023\/08\/24\/diego-cisneros-fue-quinto-en-cordoba\/","title":{"rendered":"Diego Cisneros fue quinto en C\u00f3rdoba"},"content":{"rendered":"<p>El pasado domingo se corri\u00f3 la 2\u00b0 edici\u00f3n del Trasla Trail y Diego Cisneros logr\u00f3 una destacada actuaci\u00f3n en los 21 kil\u00f3metros.<!--more--><\/p>\n<hr \/>\n<p>La 2\u00b0 edici\u00f3n de la Trasla Trail, la carrera de monta\u00f1a que tuvo como escenario Sierra Embrujada, El Infiernillo y la vera de la Cola del Dique en Las Rabonas tuvo una buena actuaci\u00f3n del representante de Olavarr\u00eda que fue quinto en la general y tercero en su categor\u00eda.<\/p>\n<p>&nbsp;<\/p>\n<p>El oriundo de Sierras Bayas termin\u00f3 el recorrido con un tiempo de 1 hora 53 minutos y 58 segundos, mientras que el ganador lo hizo en 1:48:53.<\/p>\n","protected":false},"excerpt":{"rendered":"<p>El pasado domingo se corri\u00f3 la 2\u00b0 edici\u00f3n del Trasla Trail y Diego Cisneros logr\u00f3 una destacada actuaci\u00f3n en los<\/p>\n","protected":false},"author":96739694,"featured_media":157097,"comment_status":"closed","ping_status":"closed","sticky":false,"template":"","format":"standard","meta":{"_jetpack_memberships_contains_paid_content":false,"footnotes":""},"categories":[38,1],"tags":[],"class_list":["post-137386","post","type-post","status-publish","format-standard","has-post-thumbnail","hentry","category-pedestrismo","category-portada"],"jetpack_featured_media_url":"https:\/\/i0.wp.com\/cdnoticias.com\/wp-content\/uploads\/2023\/08\/diegocisneros19_368662632_825143798990310_8818013041902791082_n-e1692834556338.jpg?fit=1080%2C664&ssl=1","jetpack_sharing_enabled":true,"_links":{"self":[{"href":"https:\/\/cdnoticias.com\/index.php\/wp-json\/wp\/v2\/posts\/137386","targetHints":{"allow":["GET"]}}],"collection":[{"href":"https:\/\/cdnoticias.com\/index.php\/wp-json\/wp\/v2\/posts"}],"about":[{"href":"https:\/\/cdnoticias.com\/index.php\/wp-json\/wp\/v2\/types\/post"}],"author":[{"embeddable":true,"href":"https:\/\/cdnoticias.com\/index.php\/wp-json\/wp\/v2\/users\/96739694"}],"replies":[{"embeddable":true,"href":"https:\/\/cdnoticias.com\/index.php\/wp-json\/wp\/v2\/comments?post=137386"}],"version-history":[{"count":0,"href":"https:\/\/cdnoticias.com\/index.php\/wp-json\/wp\/v2\/posts\/137386\/revisions"}],"wp:featuredmedia":[{"embeddable":true,"href":"https:\/\/cdnoticias.com\/index.php\/wp-json\/wp\/v2\/media\/157097"}],"wp:attachment":[{"href":"https:\/\/cdnoticias.com\/index.php\/wp-json\/wp\/v2\/media?parent=137386"}],"wp:term":[{"taxonomy":"category","embeddable":true,"href":"https:\/\/cdnoticias.com\/index.php\/wp-json\/wp\/v2\/categories?post=137386"},{"taxonomy":"post_tag","embeddable":true,"href":"https:\/\/cdnoticias.com\/index.php\/wp-json\/wp\/v2\/tags?post=137386"}],"curies":[{"name":"wp","href":"https:\/\/api.w.org\/{rel}","templated":true}]}}