{"id":137383,"date":"2023-08-23T18:44:57","date_gmt":"2023-08-23T21:44:57","guid":{"rendered":"http:\/\/centraldeportes.com.ar\/?p=40540"},"modified":"2025-02-11T21:05:04","modified_gmt":"2025-02-12T00:05:04","slug":"debuto-la-agrupacion-ciclismo-olavarria-libre","status":"publish","type":"post","link":"https:\/\/cdnoticias.com\/index.php\/2023\/08\/23\/debuto-la-agrupacion-ciclismo-olavarria-libre\/","title":{"rendered":"Debut\u00f3 la agrupaci\u00f3n Ciclismo Olavarr\u00eda Libre"},"content":{"rendered":"<p>El pasado s\u00e1bado, en la pista municipal \u201cHumberto \u00c1ngel Corradi\u201d hubo festival bajo la organizaci\u00f3n de la agrupaci\u00f3n Ciclismo Olavarr\u00eda Libre y el triunfo en la categor\u00eda principal fue para William Brun.<!--more--><\/p>\n<hr \/>\n<p>El primer festival del nuevo grupo organizador tuvo representantes locales y tambi\u00e9n de la Regi\u00f3n y en la prueba m\u00e1s importante de la jornada, William Brun se qued\u00f3 con el triunfo.<\/p>\n<p>&nbsp;<\/p>\n<p>Adem\u00e1s, en Infantiles participaron Alma Di Martino, Lola Castro y Britany Busto.<\/p>\n<p>&nbsp;<\/p>\n<p>[soliloquy id=&#8221;40521&#8243;]<\/p>\n<p>&nbsp;<\/p>\n<p>Los resultados:<\/p>\n<p>Libre y M\u00e1ster B1:<br \/>\n1\u00b0 William Brun (Olavarr\u00eda)<br \/>\n2\u00b0 Jorge Sosa (Lober\u00eda)<br \/>\n3\u00b0 Diego Martin (Olavarr\u00eda)<br \/>\n4\u00b0 Nehuen Erripa (Olavarr\u00eda)<br \/>\n5\u00b0 Guido Santa Cruz (Olavarr\u00eda)<\/p>\n<p>M\u00e1ster B1:<br \/>\n1\u00b0 Jorge Sosa (Lober\u00eda)<br \/>\n2\u00b0 Diego Mart\u00edn (Olavarr\u00eda)<br \/>\n3\u00b0 Rafael Erripa (Olavarr\u00eda)<\/p>\n<p>M\u00e1ster C y B2:<br \/>\n1\u00b0 Oscar Valettuto (Olavarr\u00eda)<br \/>\n2\u00b0 Walter San Mart\u00edn (Olavarr\u00eda)<br \/>\n3\u00b0 Jorge Salguero (Olavarr\u00eda)<br \/>\n4\u00b0 Fernando Vignau (Azul)<br \/>\n5\u00b0 Miguel Barzola (Olavarr\u00eda)<\/p>\n<p>Damas:<br \/>\n1\u00b0 Xoana Acosta (Olavarr\u00eda)<\/p>\n<p>Promocionales:<br \/>\n1\u00b0 Adri\u00e1n Castro (Olavarr\u00eda)<br \/>\n2\u00b0 Agust\u00edn Ferro (Olavarr\u00eda)<br \/>\n3\u00b0 Ezequiel Selalle (Azul)<br \/>\n4\u00b0 Ezequiel Azimonti (Azul)<br \/>\n5\u00b0 Hugo Trumpio (Olavarr\u00eda)<\/p>\n<p>Principiantes:<br \/>\n1\u00b0 Javier Trumpio (Olavarr\u00eda)<br \/>\n2\u00b0 Ezequiel Su\u00e1rez (La Madrid)<br \/>\n3\u00b0 Roberto G\u00f3mez Roberto (Tapalqu\u00e9)<br \/>\n4\u00b0 Carlos Roldan (Azul)<br \/>\n5\u00b0 Facundo Izariaga (Olavarr\u00eda)<\/p>\n<p>M\u00e1ster D:<br \/>\n1\u00b0 Francisco Posse (Olavarr\u00eda)<br \/>\n2\u00b0 Hugo Bustos (Tres Arroyos)<br \/>\n3\u00b0 Hugo Santill\u00e1n (Azul)<br \/>\n4\u00b0 Juan Aguirre (Azul)<br \/>\n5\u00b0 Oscar Cisneros (Olavarr\u00eda)<\/p>\n<p>&nbsp;<\/p>\n<p>Por otro lado, en Azul hubo un festival el pasado lunes donde el triunfo en la categor\u00eda Libre la victoria correspondi\u00f3 a Ayrton Trumpio, uno de los varios ciclistas olavarrienses que se acercaron a la vecina localidad.<\/p>\n","protected":false},"excerpt":{"rendered":"<p>El pasado s\u00e1bado, en la pista municipal \u201cHumberto \u00c1ngel Corradi\u201d hubo festival bajo la organizaci\u00f3n de la agrupaci\u00f3n Ciclismo Olavarr\u00eda<\/p>\n","protected":false},"author":96739694,"featured_media":156985,"comment_status":"closed","ping_status":"closed","sticky":false,"template":"","format":"standard","meta":{"_jetpack_memberships_contains_paid_content":false,"footnotes":""},"categories":[30,1],"tags":[],"class_list":["post-137383","post","type-post","status-publish","format-standard","has-post-thumbnail","hentry","category-polideportivo","category-portada"],"jetpack_featured_media_url":"https:\/\/i0.wp.com\/cdnoticias.com\/wp-content\/uploads\/2023\/08\/ciclismo-7-1.jpeg?fit=1280%2C853&ssl=1","jetpack_sharing_enabled":true,"_links":{"self":[{"href":"https:\/\/cdnoticias.com\/index.php\/wp-json\/wp\/v2\/posts\/137383","targetHints":{"allow":["GET"]}}],"collection":[{"href":"https:\/\/cdnoticias.com\/index.php\/wp-json\/wp\/v2\/posts"}],"about":[{"href":"https:\/\/cdnoticias.com\/index.php\/wp-json\/wp\/v2\/types\/post"}],"author":[{"embeddable":true,"href":"https:\/\/cdnoticias.com\/index.php\/wp-json\/wp\/v2\/users\/96739694"}],"replies":[{"embeddable":true,"href":"https:\/\/cdnoticias.com\/index.php\/wp-json\/wp\/v2\/comments?post=137383"}],"version-history":[{"count":0,"href":"https:\/\/cdnoticias.com\/index.php\/wp-json\/wp\/v2\/posts\/137383\/revisions"}],"wp:featuredmedia":[{"embeddable":true,"href":"https:\/\/cdnoticias.com\/index.php\/wp-json\/wp\/v2\/media\/156985"}],"wp:attachment":[{"href":"https:\/\/cdnoticias.com\/index.php\/wp-json\/wp\/v2\/media?parent=137383"}],"wp:term":[{"taxonomy":"category","embeddable":true,"href":"https:\/\/cdnoticias.com\/index.php\/wp-json\/wp\/v2\/categories?post=137383"},{"taxonomy":"post_tag","embeddable":true,"href":"https:\/\/cdnoticias.com\/index.php\/wp-json\/wp\/v2\/tags?post=137383"}],"curies":[{"name":"wp","href":"https:\/\/api.w.org\/{rel}","templated":true}]}}