{"id":137382,"date":"2023-08-23T18:14:26","date_gmt":"2023-08-23T21:14:26","guid":{"rendered":"http:\/\/centraldeportes.com.ar\/?p=40534"},"modified":"2025-02-11T21:05:06","modified_gmt":"2025-02-12T00:05:06","slug":"juani-barbieri-el-destacado-olavarriense-en-otra-fecha-de-la-b-metro","status":"publish","type":"post","link":"https:\/\/cdnoticias.com\/index.php\/2023\/08\/23\/juani-barbieri-el-destacado-olavarriense-en-otra-fecha-de-la-b-metro\/","title":{"rendered":"\u201cJuani\u201d Barbieri, el destacado olavarriense en otra fecha de la B \u201cMetro\u201d"},"content":{"rendered":"<p>El atacante ex Ferro Carril Sud volvi\u00f3 a convertir con Acassuso y sell\u00f3 su cuarto grito de la temporada. Adem\u00e1s, Battigelli y Buscaglia fueron titulares.<!--more--><\/p>\n<hr \/>\n<p>A lo largo de todo el pasado fin de semana largo, la <strong>Primera B Metropolitana<\/strong> disput\u00f3 la <strong>10\u00b0 fecha del Torneo Clausura<\/strong> y fue con las participaciones de los <strong>tres futbolistas olavarrienses<\/strong> que militan en la categor\u00eda.<\/p>\n<p>&nbsp;<\/p>\n<figure id=\"attachment_40536\" aria-describedby=\"caption-attachment-40536\" style=\"width: 800px\" class=\"wp-caption aligncenter\"><img data-recalc-dims=\"1\" loading=\"lazy\" decoding=\"async\" class=\"wp-image-40536 size-large\" src=\"https:\/\/i0.wp.com\/centraldeportes.com.ar\/wp-content\/uploads\/2023\/08\/Sim%C3%B3n-Buscaglia-Villa-San-Carlos-10%C2%B0-fecha-Clausura-e1692825237392-1024x609.jpg?resize=800%2C476\" alt=\"\" width=\"800\" height=\"476\" \/><figcaption id=\"caption-attachment-40536\" class=\"wp-caption-text\">Cr\u00e9dito: Villa San Carlos<\/figcaption><\/figure>\n<p>&nbsp;<\/p>\n<p>En el estadio Jos\u00e9 Manuel Moreno, <strong>Villa San Carlos, con Sim\u00f3n Buscaglia jugando desde el arranque, empat\u00f3 2 a 2 ante Deportivo Merlo<\/strong> y contin\u00faa arrastrando una racha de cinco partidos sin triunfos. El lateral izquierdo olavarriense disput\u00f3 los 90\u2019 reglamentarios.<\/p>\n<p>&nbsp;<\/p>\n<p><strong>El que no pudo sumar de a tres en esta jornada fue Deportivo Armenio, con Carlos Battigelli en el once titular<\/strong>. El \u201cTricolor\u201d recibi\u00f3 en el estadio Armenia de Ingeniero Maschwitz a Colegiales y cay\u00f3 2 a 1. En paralelo, el volante central de nuestra ciudad jug\u00f3 todo el partido.<\/p>\n<p>&nbsp;<\/p>\n<figure id=\"attachment_40535\" aria-describedby=\"caption-attachment-40535\" style=\"width: 800px\" class=\"wp-caption aligncenter\"><img data-recalc-dims=\"1\" loading=\"lazy\" decoding=\"async\" class=\"wp-image-40535 size-large\" src=\"https:\/\/i0.wp.com\/centraldeportes.com.ar\/wp-content\/uploads\/2023\/08\/Carlos-Battigelli-Armenio-10%C2%B0-fecha-Clausura-1024x667.jpg?resize=800%2C521\" alt=\"\" width=\"800\" height=\"521\" \/><figcaption id=\"caption-attachment-40535\" class=\"wp-caption-text\">Cr\u00e9dito: Deportivo Armenio<\/figcaption><\/figure>\n<p>&nbsp;<\/p>\n<p>El lunes, en el cierre de la jornada, <strong>Acassuso empat\u00f3 1 a 1 con Dock Sud en condici\u00f3n de visitante y fue con gol de Juan Ignacio Barbieri<\/strong>. El delantero comenz\u00f3 de titular, abri\u00f3 el marcador para el \u201cSsuso\u201d desde el punto penal y <strong>lleg\u00f3 a los cuatro gritos en la temporada<\/strong> (primero en el Clausura). Luego el ex Ferro sali\u00f3 a los 24\u2019 del segundo tiempo reemplazado por Braian Aguirre.<\/p>\n<p>&nbsp;<\/p>\n<blockquote class=\"instagram-media\" style=\"background: #FFF; border: 0; border-radius: 3px; box-shadow: 0 0 1px 0 rgba(0,0,0,0.5),0 1px 10px 0 rgba(0,0,0,0.15); margin: 1px; max-width: 540px; min-width: 326px; padding: 0; width: calc(100% - 2px);\" data-instgrm-captioned=\"\" data-instgrm-permalink=\"https:\/\/www.instagram.com\/p\/CwOmF4bO3y2\/?utm_source=ig_embed&amp;utm_campaign=loading\" data-instgrm-version=\"14\">\n<div style=\"padding: 16px;\">\n<p>&nbsp;<\/p>\n<div style=\"display: flex; flex-direction: row; align-items: center;\">\n<div style=\"background-color: #f4f4f4; border-radius: 50%; flex-grow: 0; height: 40px; margin-right: 14px; width: 40px;\"><\/div>\n<div style=\"display: flex; flex-direction: column; flex-grow: 1; justify-content: center;\">\n<div style=\"background-color: #f4f4f4; border-radius: 4px; flex-grow: 0; height: 14px; margin-bottom: 6px; width: 100px;\"><\/div>\n<div style=\"background-color: #f4f4f4; border-radius: 4px; flex-grow: 0; height: 14px; width: 60px;\"><\/div>\n<\/div>\n<\/div>\n<div style=\"padding: 19% 0;\"><\/div>\n<div style=\"display: block; height: 50px; margin: 0 auto 12px; width: 50px;\"><\/div>\n<div style=\"padding-top: 8px;\">\n<div style=\"color: #3897f0; font-family: Arial,sans-serif; font-size: 14px; font-style: normal; font-weight: 550; line-height: 18px;\">Ver esta publicaci\u00f3n en Instagram<\/div>\n<\/div>\n<div style=\"padding: 12.5% 0;\"><\/div>\n<div style=\"display: flex; flex-direction: row; margin-bottom: 14px; align-items: center;\">\n<div>\n<div style=\"background-color: #f4f4f4; border-radius: 50%; height: 12.5px; width: 12.5px; transform: translateX(0px) translateY(7px);\"><\/div>\n<div style=\"background-color: #f4f4f4; height: 12.5px; transform: rotate(-45deg) translateX(3px) translateY(1px); width: 12.5px; flex-grow: 0; margin-right: 14px; margin-left: 2px;\"><\/div>\n<div style=\"background-color: #f4f4f4; border-radius: 50%; height: 12.5px; width: 12.5px; transform: translateX(9px) translateY(-18px);\"><\/div>\n<\/div>\n<div style=\"margin-left: 8px;\">\n<div style=\"background-color: #f4f4f4; border-radius: 50%; flex-grow: 0; height: 20px; width: 20px;\"><\/div>\n<div style=\"width: 0; height: 0; border-top: 2px solid transparent; border-left: 6px solid #f4f4f4; border-bottom: 2px solid transparent; transform: translateX(16px) translateY(-4px) rotate(30deg);\"><\/div>\n<\/div>\n<div style=\"margin-left: auto;\">\n<div style=\"width: 0px; border-top: 8px solid #F4F4F4; border-right: 8px solid transparent; transform: translateY(16px);\"><\/div>\n<div style=\"background-color: #f4f4f4; flex-grow: 0; height: 12px; width: 16px; transform: translateY(-4px);\"><\/div>\n<div style=\"width: 0; height: 0; border-top: 8px solid #F4F4F4; border-left: 8px solid transparent; transform: translateY(-4px) translateX(8px);\"><\/div>\n<\/div>\n<\/div>\n<div style=\"display: flex; flex-direction: column; flex-grow: 1; justify-content: center; margin-bottom: 24px;\">\n<div style=\"background-color: #f4f4f4; border-radius: 4px; flex-grow: 0; height: 14px; margin-bottom: 6px; width: 224px;\"><\/div>\n<div style=\"background-color: #f4f4f4; border-radius: 4px; flex-grow: 0; height: 14px; width: 144px;\"><\/div>\n<\/div>\n<p>&nbsp;<\/p>\n<p style=\"color: #c9c8cd; font-family: Arial,sans-serif; font-size: 14px; line-height: 17px; margin-bottom: 0; margin-top: 8px; overflow: hidden; padding: 8px 0 7px; text-align: center; text-overflow: ellipsis; white-space: nowrap;\"><a style=\"color: #c9c8cd; font-family: Arial,sans-serif; font-size: 14px; font-style: normal; font-weight: normal; line-height: 17px; text-decoration: none;\" href=\"https:\/\/www.instagram.com\/p\/CwOmF4bO3y2\/?utm_source=ig_embed&amp;utm_campaign=loading\" target=\"_blank\" rel=\"noopener\">Una publicaci\u00f3n compartida de Central de Deportes Olavarr\u00eda (@centraldeportesolav)<\/a><\/p>\n<\/div>\n<\/blockquote>\n<p><script async src=\"\/\/www.instagram.com\/embed.js\"><\/script><\/p>\n<p>&nbsp;<\/p>\n<p><em><strong>Foto: Acassuso Oficial.<\/strong><\/em><\/p>\n","protected":false},"excerpt":{"rendered":"<p>El atacante ex Ferro Carril Sud volvi\u00f3 a convertir con Acassuso y sell\u00f3 su cuarto grito de la temporada. Adem\u00e1s,<\/p>\n","protected":false},"author":96739694,"featured_media":156987,"comment_status":"closed","ping_status":"closed","sticky":false,"template":"","format":"standard","meta":{"_jetpack_memberships_contains_paid_content":false,"footnotes":""},"categories":[35,37,1],"tags":[],"class_list":["post-137382","post","type-post","status-publish","format-standard","has-post-thumbnail","hentry","category-futbol","category-futbol-profesional","category-portada"],"jetpack_featured_media_url":"https:\/\/i0.wp.com\/cdnoticias.com\/wp-content\/uploads\/2023\/08\/Juan-Ignacio-Barbieri-10%C2%B0-fecha-Clausura-vs-Dock-Sud.jpg?fit=1024%2C588&ssl=1","jetpack_sharing_enabled":true,"_links":{"self":[{"href":"https:\/\/cdnoticias.com\/index.php\/wp-json\/wp\/v2\/posts\/137382","targetHints":{"allow":["GET"]}}],"collection":[{"href":"https:\/\/cdnoticias.com\/index.php\/wp-json\/wp\/v2\/posts"}],"about":[{"href":"https:\/\/cdnoticias.com\/index.php\/wp-json\/wp\/v2\/types\/post"}],"author":[{"embeddable":true,"href":"https:\/\/cdnoticias.com\/index.php\/wp-json\/wp\/v2\/users\/96739694"}],"replies":[{"embeddable":true,"href":"https:\/\/cdnoticias.com\/index.php\/wp-json\/wp\/v2\/comments?post=137382"}],"version-history":[{"count":0,"href":"https:\/\/cdnoticias.com\/index.php\/wp-json\/wp\/v2\/posts\/137382\/revisions"}],"wp:featuredmedia":[{"embeddable":true,"href":"https:\/\/cdnoticias.com\/index.php\/wp-json\/wp\/v2\/media\/156987"}],"wp:attachment":[{"href":"https:\/\/cdnoticias.com\/index.php\/wp-json\/wp\/v2\/media?parent=137382"}],"wp:term":[{"taxonomy":"category","embeddable":true,"href":"https:\/\/cdnoticias.com\/index.php\/wp-json\/wp\/v2\/categories?post=137382"},{"taxonomy":"post_tag","embeddable":true,"href":"https:\/\/cdnoticias.com\/index.php\/wp-json\/wp\/v2\/tags?post=137382"}],"curies":[{"name":"wp","href":"https:\/\/api.w.org\/{rel}","templated":true}]}}