{"id":137378,"date":"2023-08-22T19:41:54","date_gmt":"2023-08-22T22:41:54","guid":{"rendered":"http:\/\/centraldeportes.com.ar\/?p=40479"},"modified":"2025-02-11T21:05:13","modified_gmt":"2025-02-12T00:05:13","slug":"hubo-podio-por-triplicado-en-la-carrea-aniversario-de-tres-algarrobos","status":"publish","type":"post","link":"https:\/\/cdnoticias.com\/index.php\/2023\/08\/22\/hubo-podio-por-triplicado-en-la-carrea-aniversario-de-tres-algarrobos\/","title":{"rendered":"Hubo podio por triplicado en la carrea aniversario de Tres Algarrobos"},"content":{"rendered":"<p>En el marco del 122\u00b0 Aniversario de Tres Algarrobos se realiz\u00f3, el pasado domingo la carrera de los 7K a modo de celebraci\u00f3n y hubo m\u00faltiples podios para atletas olavarrienses.<!--more--><\/p>\n<hr \/>\n<p>Cecilia y Gustavo Fern\u00e1ndez se quedaron con las victorias de la carrera que cont\u00f3 con una gran cantidad de corredores y corredoras que se llegaron. Adem\u00e1s, Leonardo Landaburu fue tercero.<\/p>\n<p>&nbsp;<\/p>\n<p>La competencia fue cronometrada por Marathon Eventos, responsable adem\u00e1s del reloj en todo el Campeonato de Running 6 Ciudades.<\/p>\n<p>&nbsp;<\/p>\n<div class=\"tiled-gallery type-rectangular tiled-gallery-unresized\" data-original-width=\"800\" data-carousel-extra='null' itemscope itemtype=\"http:\/\/schema.org\/ImageGallery\" > <div class=\"gallery-row\" style=\"width: 800px; height: 505px;\" data-original-width=\"800\" data-original-height=\"505\" > <div class=\"gallery-group images-1\" style=\"width: 800px; height: 505px;\" data-original-width=\"800\" data-original-height=\"505\" > <div class=\"tiled-gallery-item tiled-gallery-item-large\" itemprop=\"associatedMedia\" itemscope itemtype=\"http:\/\/schema.org\/ImageObject\"> <a href=\"https:\/\/i0.wp.com\/cdnoticias.com\/wp-content\/uploads\/2021\/12\/vihint7.jpg?ssl=1\" border=\"0\" itemprop=\"url\"> <meta itemprop=\"width\" content=\"796\"> <meta itemprop=\"height\" content=\"501\"> <img decoding=\"async\" class=\"\" data-attachment-id=\"40480\" data-orig-file=\"https:\/\/cdnoticias.com\/wp-content\/uploads\/2021\/12\/vihint7.jpg\" data-orig-size=\"1000,630\" data-comments-opened=\"\" data-image-meta=\"{&quot;aperture&quot;:&quot;0&quot;,&quot;credit&quot;:&quot;&quot;,&quot;camera&quot;:&quot;&quot;,&quot;caption&quot;:&quot;&quot;,&quot;created_timestamp&quot;:&quot;0&quot;,&quot;copyright&quot;:&quot;&quot;,&quot;focal_length&quot;:&quot;0&quot;,&quot;iso&quot;:&quot;0&quot;,&quot;shutter_speed&quot;:&quot;0&quot;,&quot;title&quot;:&quot;&quot;,&quot;orientation&quot;:&quot;0&quot;}\" data-image-title=\"vihint7\" data-image-description=\"\" data-medium-file=\"https:\/\/i0.wp.com\/cdnoticias.com\/wp-content\/uploads\/2021\/12\/vihint7.jpg?fit=300%2C189&#038;ssl=1\" data-large-file=\"https:\/\/i0.wp.com\/cdnoticias.com\/wp-content\/uploads\/2021\/12\/vihint7.jpg?fit=800%2C504&#038;ssl=1\" src=\"https:\/\/i0.wp.com\/cdnoticias.com\/wp-content\/uploads\/2021\/12\/vihint7.jpg?w=796&#038;h=501&#038;ssl=1\" srcset=\"https:\/\/i0.wp.com\/cdnoticias.com\/wp-content\/uploads\/2021\/12\/vihint7.jpg?w=1000&amp;ssl=1 1000w, https:\/\/i0.wp.com\/cdnoticias.com\/wp-content\/uploads\/2021\/12\/vihint7.jpg?resize=300%2C189&amp;ssl=1 300w, https:\/\/i0.wp.com\/cdnoticias.com\/wp-content\/uploads\/2021\/12\/vihint7.jpg?resize=768%2C484&amp;ssl=1 768w\" width=\"796\" height=\"501\" loading=\"lazy\" data-original-width=\"796\" data-original-height=\"501\" itemprop=\"http:\/\/schema.org\/image\" title=\"vihint7\" alt=\"vihint7\" style=\"width: 796px; height: 501px;\" \/> <\/a> <\/div> <\/div> <!-- close group --> <\/div> <!-- close row --> <\/div>\n<p>&nbsp;<\/p>\n<p>Entre los hombres el ganador fue Gustavo Fern\u00e1ndez, de Olavarr\u00eda, que termin\u00f3 con un tiempo de 23&#8217;18&#8221;. En segundo lugar, finaliz\u00f3 Miguel Guerra, de 25 de Mayo, con el reloj en 24&#8217;02&#8221;, y tercero finaliz\u00f3 Leo Landaburu, tambi\u00e9n de Olavarr\u00eda, con 24&#8217;42&#8221;.<\/p>\n<p>&nbsp;<\/p>\n<p>Entre las mujeres la ganadora fue Cecilia Fern\u00e1ndez, de Olavarr\u00eda, con 28&#8217;50&#8221;; segunda finaliz\u00f3 la trenquelauquense Angelina Reyes, 30&#8217;28&#8221;, y tercera Susana Tavoloni, tambi\u00e9n de Trenque Lauquen, con un tiempo de 31&#8217;14&#8221;.<\/p>\n<p>&nbsp;<\/p>\n<p>Adem\u00e1s, completaron el circuito Pablo Ingratta que fue 12\u00b0, Franco D\u00edaz y Vicente Zelaya.<\/p>\n","protected":false},"excerpt":{"rendered":"<p>En el marco del 122\u00b0 Aniversario de Tres Algarrobos se realiz\u00f3, el pasado domingo la carrera de los 7K a<\/p>\n","protected":false},"author":96739694,"featured_media":156998,"comment_status":"closed","ping_status":"closed","sticky":false,"template":"","format":"standard","meta":{"_jetpack_memberships_contains_paid_content":false,"footnotes":""},"categories":[38,1],"tags":[],"class_list":["post-137378","post","type-post","status-publish","format-standard","has-post-thumbnail","hentry","category-pedestrismo","category-portada"],"jetpack_featured_media_url":"https:\/\/i0.wp.com\/cdnoticias.com\/wp-content\/uploads\/2023\/08\/WhatsApp-Image-2023-08-21-at-20.57.01.jpeg?fit=1063%2C926&ssl=1","jetpack_sharing_enabled":true,"_links":{"self":[{"href":"https:\/\/cdnoticias.com\/index.php\/wp-json\/wp\/v2\/posts\/137378","targetHints":{"allow":["GET"]}}],"collection":[{"href":"https:\/\/cdnoticias.com\/index.php\/wp-json\/wp\/v2\/posts"}],"about":[{"href":"https:\/\/cdnoticias.com\/index.php\/wp-json\/wp\/v2\/types\/post"}],"author":[{"embeddable":true,"href":"https:\/\/cdnoticias.com\/index.php\/wp-json\/wp\/v2\/users\/96739694"}],"replies":[{"embeddable":true,"href":"https:\/\/cdnoticias.com\/index.php\/wp-json\/wp\/v2\/comments?post=137378"}],"version-history":[{"count":0,"href":"https:\/\/cdnoticias.com\/index.php\/wp-json\/wp\/v2\/posts\/137378\/revisions"}],"wp:featuredmedia":[{"embeddable":true,"href":"https:\/\/cdnoticias.com\/index.php\/wp-json\/wp\/v2\/media\/156998"}],"wp:attachment":[{"href":"https:\/\/cdnoticias.com\/index.php\/wp-json\/wp\/v2\/media?parent=137378"}],"wp:term":[{"taxonomy":"category","embeddable":true,"href":"https:\/\/cdnoticias.com\/index.php\/wp-json\/wp\/v2\/categories?post=137378"},{"taxonomy":"post_tag","embeddable":true,"href":"https:\/\/cdnoticias.com\/index.php\/wp-json\/wp\/v2\/tags?post=137378"}],"curies":[{"name":"wp","href":"https:\/\/api.w.org\/{rel}","templated":true}]}}