{"id":137363,"date":"2023-08-20T22:13:36","date_gmt":"2023-08-21T01:13:36","guid":{"rendered":"http:\/\/centraldeportes.com.ar\/?p=40368"},"modified":"2025-02-11T21:05:34","modified_gmt":"2025-02-12T00:05:34","slug":"el-torneo-oficial-de-la-lfo-dio-el-puntapie-inicial","status":"publish","type":"post","link":"https:\/\/cdnoticias.com\/index.php\/2023\/08\/20\/el-torneo-oficial-de-la-lfo-dio-el-puntapie-inicial\/","title":{"rendered":"El Torneo Oficial de la LFO dio el puntapi\u00e9 inicial"},"content":{"rendered":"<p>Este domingo por la tarde se abri\u00f3 el tel\u00f3n del campeonato local y se jug\u00f3 parcialmente la 1\u00b0 fecha del certamen en Primera Divisi\u00f3n y Reserva. Descansaron Municipales y Embajadores.<!--more--><\/p>\n<hr \/>\n<p>Diez de los doce clubes participantes saltaron este domingo por la tarde al campo de juego y disputaron los compromisos correspondientes a la<strong> 1\u00b0 fecha del Torneo Oficial<\/strong> tanto en Primera como en Reserva.<\/p>\n<p>&nbsp;<\/p>\n<p>Los<strong> \u00fanicos sin actividad fueron Municipales y Embajadores<\/strong>, que fueron habilitados a descansar un fin de semana m\u00e1s por ser los finalistas del Torneo Uni\u00f3n Deportiva Regional.<\/p>\n<p>&nbsp;<\/p>\n<p>El bal\u00f3n rod\u00f3 en cinco escenarios de la ciudad y no hubo empates. <strong>Se registraron festejos para El Fort\u00edn, Racing, Ferro, Estudiantes y Espigas, el gran debutante de la jornada<\/strong>.<\/p>\n<p>&nbsp;<\/p>\n<p>[soliloquy id=&#8221;40352&#8243;]<\/p>\n<p>&nbsp;<\/p>\n<h6><strong>Resultados:<\/strong><\/h6>\n<p>&nbsp;<\/p>\n<h6>Primera Divisi\u00f3n<\/h6>\n<p>&nbsp;<\/p>\n<p><strong>Sierra Chica 0 \u2013 5 Racing<\/strong> (Rub\u00e9n Tarasco, Sergio Vald\u00e9z -3- y Mat\u00edas Ordozgoiti)<\/p>\n<p><strong>El Fort\u00edn<\/strong> (Emiliano Piecenti -2- y Leonardo Benito) <strong>3 \u2013 0 Loma Negra<\/strong><\/p>\n<p><a href=\"http:\/\/centraldeportes.com.ar\/ferro-debuto-con-goleada-en-el-certamen-liguista\/\"><strong>Luj\u00e1n 0 \u2013 3 Ferro Carril Sud<\/strong> (Thiago Andreu -2- y Rodrigo Garro)<\/a><\/p>\n<p><strong>Hinojo 0 \u2013 2 Espigas<\/strong> (Iv\u00e1n Gim\u00e9nez y Jos\u00e9 Luis Vivas)<\/p>\n<p><strong>Estudiantes<\/strong> (Lautaro Crivelli, Franco Vignale, Kevin Gentil y Lucas Romero) <strong>4 \u2013 1 San Mart\u00edn<\/strong> (Lucio Becker)<\/p>\n<p>Municipales \u2013 Embajadores (<strong>Postergado<\/strong>)<\/p>\n<p>&nbsp;<\/p>\n<p><img data-recalc-dims=\"1\" loading=\"lazy\" decoding=\"async\" class=\"aligncenter size-full wp-image-40370\" src=\"https:\/\/i0.wp.com\/centraldeportes.com.ar\/wp-content\/uploads\/2023\/08\/Posiciones-1%C2%B0-Fecha-Primera.png?resize=785%2C571\" alt=\"\" width=\"785\" height=\"571\" \/><\/p>\n<p>&nbsp;<\/p>\n<h6>Reserva<\/h6>\n<p>&nbsp;<\/p>\n<p>Sierra Chica <strong>2 \u2013 1<\/strong> Racing<\/p>\n<p>El Fort\u00edn <strong>3 \u2013 2<\/strong> Loma Negra<\/p>\n<p>Luj\u00e1n <strong>1 \u2013 1<\/strong> Ferro Carril Sud<\/p>\n<p>Hinojo <strong>3 \u2013 1<\/strong> Espigas<\/p>\n<p>Estudiantes <strong>3 \u2013 0<\/strong> San Mart\u00edn<\/p>\n<p>Municipales \u2013 Embajadores (<strong>Postergado<\/strong>)<\/p>\n<p>&nbsp;<\/p>\n<p><img data-recalc-dims=\"1\" loading=\"lazy\" decoding=\"async\" class=\"aligncenter size-full wp-image-40371\" src=\"https:\/\/i0.wp.com\/centraldeportes.com.ar\/wp-content\/uploads\/2023\/08\/Posiciones-1%C2%B0-Fecha-Reserva.png?resize=779%2C566\" alt=\"\" width=\"779\" height=\"566\" \/><\/p>\n<hr \/>\n<h6>Pr\u00f3xima fecha (2\u00b0):<\/h6>\n<p><img data-recalc-dims=\"1\" loading=\"lazy\" decoding=\"async\" class=\"aligncenter size-full wp-image-40372\" src=\"https:\/\/i0.wp.com\/centraldeportes.com.ar\/wp-content\/uploads\/2023\/08\/Fecha-2.png?resize=785%2C237\" alt=\"\" width=\"785\" height=\"237\" \/><\/p>\n","protected":false},"excerpt":{"rendered":"<p>Este domingo por la tarde se abri\u00f3 el tel\u00f3n del campeonato local y se jug\u00f3 parcialmente la 1\u00b0 fecha del<\/p>\n","protected":false},"author":96739694,"featured_media":157036,"comment_status":"closed","ping_status":"closed","sticky":false,"template":"","format":"standard","meta":{"_jetpack_memberships_contains_paid_content":false,"footnotes":""},"categories":[35,1,41],"tags":[],"class_list":["post-137363","post","type-post","status-publish","format-standard","has-post-thumbnail","hentry","category-futbol","category-portada","category-primera-y-reserva"],"jetpack_featured_media_url":"https:\/\/i0.wp.com\/cdnoticias.com\/wp-content\/uploads\/2023\/08\/fortin-ln-3.jpeg?fit=1280%2C853&ssl=1","jetpack_sharing_enabled":true,"_links":{"self":[{"href":"https:\/\/cdnoticias.com\/index.php\/wp-json\/wp\/v2\/posts\/137363","targetHints":{"allow":["GET"]}}],"collection":[{"href":"https:\/\/cdnoticias.com\/index.php\/wp-json\/wp\/v2\/posts"}],"about":[{"href":"https:\/\/cdnoticias.com\/index.php\/wp-json\/wp\/v2\/types\/post"}],"author":[{"embeddable":true,"href":"https:\/\/cdnoticias.com\/index.php\/wp-json\/wp\/v2\/users\/96739694"}],"replies":[{"embeddable":true,"href":"https:\/\/cdnoticias.com\/index.php\/wp-json\/wp\/v2\/comments?post=137363"}],"version-history":[{"count":0,"href":"https:\/\/cdnoticias.com\/index.php\/wp-json\/wp\/v2\/posts\/137363\/revisions"}],"wp:featuredmedia":[{"embeddable":true,"href":"https:\/\/cdnoticias.com\/index.php\/wp-json\/wp\/v2\/media\/157036"}],"wp:attachment":[{"href":"https:\/\/cdnoticias.com\/index.php\/wp-json\/wp\/v2\/media?parent=137363"}],"wp:term":[{"taxonomy":"category","embeddable":true,"href":"https:\/\/cdnoticias.com\/index.php\/wp-json\/wp\/v2\/categories?post=137363"},{"taxonomy":"post_tag","embeddable":true,"href":"https:\/\/cdnoticias.com\/index.php\/wp-json\/wp\/v2\/tags?post=137363"}],"curies":[{"name":"wp","href":"https:\/\/api.w.org\/{rel}","templated":true}]}}