{"id":137361,"date":"2023-08-20T20:26:03","date_gmt":"2023-08-20T23:26:03","guid":{"rendered":"http:\/\/centraldeportes.com.ar\/?p=40342"},"modified":"2025-02-11T21:03:26","modified_gmt":"2025-02-12T00:03:26","slug":"los-menores-de-la-federacion-regional-del-sur-jugaron-en-estudiantes","status":"publish","type":"post","link":"https:\/\/cdnoticias.com\/index.php\/2023\/08\/20\/los-menores-de-la-federacion-regional-del-sur-jugaron-en-estudiantes\/","title":{"rendered":"Los menores de la Federaci\u00f3n Regional del Sur jugaron en Estudiantes"},"content":{"rendered":"<p>En el transcurso del domingo se complet\u00f3 una nueva fecha del Torneo de Menores organizado por la Federaci\u00f3n Regional de Golf del Sur en el campo de golf del Club Estudiantes y hubo buenos resultados para los representantes locales.<!--more--><\/p>\n<hr \/>\n<p>Las instalaciones del Parque Guerrero recibieron a la 4\u00b0 fecha de la competencia nacional a 18 hoyos y entre los festejos estuvieron los de Tom\u00e1s Bologna y Martiniano D\u00edaz Oviedo.<\/p>\n<p>&nbsp;<\/p>\n<p>Los resultados:<br \/>\nJuveniles Gross:<br \/>\n1\u00b0 Tom\u00e1s Bologna con 81 golpes gross<br \/>\n2\u00b0 Valent\u00edn Cisneros con 91 golpes gross<br \/>\nCaballeros Menores:<br \/>\n1\u00b0 Martiniano D\u00edaz Oviedo con 74 golpes gross<br \/>\n2\u00b0 Cornado Gonz\u00e1lez Pini<br \/>\n3\u00b0 Augusto Pizzo -Sierra de la Ventana-<br \/>\nCaballeros Menores (neto):<br \/>\n1\u00b0 Martiniano D\u00edaz Oviedo con 69 golpes netos<br \/>\n2\u00b0 Cornado Gonz\u00e1lez Pini<br \/>\n3\u00b0 Augusto Pizzo -Sierra de la Ventana-<br \/>\nCaballeros Menores de 15 gross:<br \/>\n1\u00b0 Manuel Zubizarreta -Palihu\u00e9- con 79 golpes<br \/>\n2\u00b0 Santiago Pereyra -Pringles-<br \/>\nCaballeros Menores de 13 gross:<br \/>\n1\u00b0 Bautista Hirigoyen -Palihu\u00e9- con 89 golpes<br \/>\n2\u00b0 Valent\u00edn Arias -Coronel Su\u00e1rez-<br \/>\n3\u00b0 Benjam\u00edn Isaza<br \/>\nCaballeros Menores de 15 y 13 (neto):<br \/>\n1\u00b0 Manuel Zubizarreta -Palihu\u00e9- con 71 golpes<br \/>\n2\u00b0 Benjam\u00edn Isaza con 72 golpes<br \/>\n3\u00b0 Bautista Hirigoyen -Palihu\u00e9-<br \/>\nDamas:<br \/>\n1\u00b0 Emilia Ruppel -Palihu\u00e9- con 82 golpes<br \/>\n2\u00b0 Carla Blanco -Palihu\u00e9-<br \/>\n3\u00b0 Malena Bah\u00eda<br \/>\nDamas (neto):<br \/>\n1\u00b0 Emilia Ruppel -Palihu\u00e9- con 75 golpes<br \/>\n2\u00b0 Andreina Rath -Palihu\u00e9-<br \/>\n3\u00b0 Carla Blanco -Palihu\u00e9-<br \/>\nCaballeros Albatros:<br \/>\n1\u00b0 Emmanuel Marban \u2013Sierra de la Ventana- con 54 golpes<br \/>\n2\u00b0 Antonio Da Silva<br \/>\n3\u00b0 Dante Ezio<br \/>\nDamas Albatros:<br \/>\n1\u00b0 Sof\u00eda Vanzilotta Suldais -Sierra de la Ventana- con 52 golpes<br \/>\n2\u00b0 Agostina \u00c1lvarez -Pringles-<br \/>\nCaballeros Eagles:<br \/>\n1\u00b0 Benjam\u00edn Carricajo -Coronel Su\u00e1rez- con 41 golpes<br \/>\n2\u00b0 Lorenzo Pauletti -Palihu\u00e9-<br \/>\n3\u00b0 Federico Ag\u00fcero -Coronel Su\u00e1rez-<br \/>\nDamas Eagles:<br \/>\n1\u00b0 Luc\u00eda Lance -Tres Arroyos- con 45 golpes<br \/>\n2\u00b0 Uma Springer<br \/>\n3\u00b0 Sol Isaza Perglione<\/p>\n","protected":false},"excerpt":{"rendered":"<p>En el transcurso del domingo se complet\u00f3 una nueva fecha del Torneo de Menores organizado por la Federaci\u00f3n Regional de<\/p>\n","protected":false},"author":96739694,"featured_media":156912,"comment_status":"closed","ping_status":"closed","sticky":false,"template":"","format":"standard","meta":{"_jetpack_memberships_contains_paid_content":false,"footnotes":""},"categories":[30,1],"tags":[],"class_list":["post-137361","post","type-post","status-publish","format-standard","has-post-thumbnail","hentry","category-polideportivo","category-portada"],"jetpack_featured_media_url":"https:\/\/i0.wp.com\/cdnoticias.com\/wp-content\/uploads\/2023\/08\/WhatsApp-Image-2023-08-20-at-19.57.06.jpeg?fit=1600%2C1071&ssl=1","jetpack_sharing_enabled":true,"_links":{"self":[{"href":"https:\/\/cdnoticias.com\/index.php\/wp-json\/wp\/v2\/posts\/137361","targetHints":{"allow":["GET"]}}],"collection":[{"href":"https:\/\/cdnoticias.com\/index.php\/wp-json\/wp\/v2\/posts"}],"about":[{"href":"https:\/\/cdnoticias.com\/index.php\/wp-json\/wp\/v2\/types\/post"}],"author":[{"embeddable":true,"href":"https:\/\/cdnoticias.com\/index.php\/wp-json\/wp\/v2\/users\/96739694"}],"replies":[{"embeddable":true,"href":"https:\/\/cdnoticias.com\/index.php\/wp-json\/wp\/v2\/comments?post=137361"}],"version-history":[{"count":0,"href":"https:\/\/cdnoticias.com\/index.php\/wp-json\/wp\/v2\/posts\/137361\/revisions"}],"wp:featuredmedia":[{"embeddable":true,"href":"https:\/\/cdnoticias.com\/index.php\/wp-json\/wp\/v2\/media\/156912"}],"wp:attachment":[{"href":"https:\/\/cdnoticias.com\/index.php\/wp-json\/wp\/v2\/media?parent=137361"}],"wp:term":[{"taxonomy":"category","embeddable":true,"href":"https:\/\/cdnoticias.com\/index.php\/wp-json\/wp\/v2\/categories?post=137361"},{"taxonomy":"post_tag","embeddable":true,"href":"https:\/\/cdnoticias.com\/index.php\/wp-json\/wp\/v2\/tags?post=137361"}],"curies":[{"name":"wp","href":"https:\/\/api.w.org\/{rel}","templated":true}]}}