{"id":137360,"date":"2023-08-20T21:25:40","date_gmt":"2023-08-21T00:25:40","guid":{"rendered":"http:\/\/centraldeportes.com.ar\/?p=40340"},"modified":"2025-02-11T21:03:24","modified_gmt":"2025-02-12T00:03:24","slug":"ferro-debuto-con-goleada-en-el-certamen-liguista","status":"publish","type":"post","link":"https:\/\/cdnoticias.com\/index.php\/2023\/08\/20\/ferro-debuto-con-goleada-en-el-certamen-liguista\/","title":{"rendered":"Ferro debut\u00f3 con goleada en el certamen liguista"},"content":{"rendered":"<p>El \u201cCarbonero\u201d liquid\u00f3 las acciones sobre el final del encuentro y derrot\u00f3 3 a 0 a Luj\u00e1n en el marco de la 1\u00b0 fecha del Torneo Oficial de Primera Divisi\u00f3n.<!--more--><\/p>\n<hr \/>\n<p>La espera termin\u00f3 y en la tarde de este domingo volvi\u00f3 a rodar la pelota en el campeonato local con el desarrollo de la<strong> 1\u00b0 fecha del Torneo Oficial de Primera Divisi\u00f3n y Reserva<\/strong> organizado por la <strong>Liga de F\u00fatbol de Olavarr\u00eda<\/strong>. En el sint\u00e9tico del \u201cTete\u201d Di Carlo, <strong>Luj\u00e1n y Ferro<\/strong> \u2013 con muchos juveniles \u2013 hicieron su estreno y fue triunfo para el \u201cCarbonero\u201d.<\/p>\n<p>&nbsp;<\/p>\n<p><strong>Con goles de Thiago Andreu en doble oportunidad y de Rodrigo Garro<\/strong>, todos en el segundo tiempo, <strong>el elenco de Miguel Diorio venci\u00f3 3 a 0 al \u201cLujanero\u201d<\/strong> y sum\u00f3 sus primeros tres puntos en la competencia. A la par, por doble amonestaci\u00f3n, fueron expulsados <strong>Ariel San Juli\u00e1n y Miqueas Oliveto<\/strong> en el conjunto de Orellana.<\/p>\n<p>&nbsp;<\/p>\n<h6><strong>Detalles del partido<\/strong><\/h6>\n<p>&nbsp;<\/p>\n<p>Si bien fueron de tr\u00e1mite parejo los primeros minutos del comienzo, Luj\u00e1n se solt\u00f3 un poco m\u00e1s en el terreno de juego, adelant\u00f3 lineas y fue m\u00e1s punzante hasta el primer cuarto de hora donde hizo trabajar al arquero Piecenti sin exigirlo demasiado.<\/p>\n<p>&nbsp;<\/p>\n<p>Luego de los 15\u2019, Ferro se orden\u00f3 en el mediocampo, empez\u00f3 a agarrar la pelota y tom\u00f3 la iniciativa del partido. Fue todo del \u201cCarbonero\u201d hasta el descanso. La primera llegada al arco \u201cLujanero\u201d fue a los 19\u2019, la arm\u00f3 Lindner por el andarivel derecho y la termin\u00f3 Beratz que no lleg\u00f3 a definir c\u00f3modo ante el achique del arquero.<\/p>\n<p>&nbsp;<\/p>\n<p>[soliloquy id=&#8221;40345&#8243;]<\/p>\n<p>&nbsp;<\/p>\n<h6><strong>Nicol\u00e1s Vivas, el destacado del los primeros 45\u2019<\/strong><\/h6>\n<p>Los de Orellana se fueron 0 a 0 al descanso, pero fue por obra de su arquero que evit\u00f3 dos veces la ca\u00edda de su arco. A los 30\u2019 le tap\u00f3 una tijera a Su\u00e1rez tras un c\u00f3rner y un minuto despu\u00e9s repeli\u00f3 a mano cambiada un zurdazo de Hammerschmidt. Adem\u00e1s, en la \u00faltima del primer tiempo, Garro desperdici\u00f3 una chance clar\u00edsima que pudo haber terminado en gol. El ex Aldosivi qued\u00f3 pr\u00e1cticamente solo en la puerta del \u00e1rea y termin\u00f3 rematando por encima del horizontal.<\/p>\n<p>&nbsp;<\/p>\n<p>Todo lo que no factur\u00f3 en el primero, los dirigidos por Diorio lo tuvieron en el segundo tiempo donde apareci\u00f3 la efectividad. <strong>Corr\u00edan 49\u2019 en el cron\u00f3metro, cuando Thiago Andreu aprovech\u00f3 un pelotazo y le punte\u00f3 la pelota a Vivas que qued\u00f3 pagando en la salida. Gol y a cobrar para el \u201cCarbonero\u201d<\/strong>.<\/p>\n<p>&nbsp;<\/p>\n<p>La apertura del marcador le dio tranquilidad a Ferro que condujo con calma el resto de las acciones en el \u201cTete\u201d Di Carlo. Hubo un par de minutos donde el partido se planch\u00f3, se jug\u00f3 a otro ritmo y a Luj\u00e1n se le dificult\u00f3 a\u00fan m\u00e1s las cosas cuando se qued\u00f3 con nueve por las expulsiones de San Juli\u00e1n (74\u2019) y Oliveto (78\u2019).<\/p>\n<p>&nbsp;<\/p>\n<p>Las emociones sobre el ocaso del partido le permitieron liquidar el partido al \u201cCarbonero\u201d. <strong>El segundo lleg\u00f3 a los 88\u2019 tras un error del arquero de Luj\u00e1n, el esf\u00e9rico le qued\u00f3 servido a Garro, que cedi\u00f3 para Andreu y el \u201cCacha\u201d solo la empuj\u00f3 al gol<\/strong>. A la jugada siguiente, los dirigidos por Diorio recuperaron r\u00e1pido y <strong>a trav\u00e9s de Rodrigo Garro, con eludida incluida, lleg\u00f3 el tercero de la tarde para las cifras definitivas<\/strong>.<\/p>\n<p>&nbsp;<\/p>\n<p>Por otro lado, adem\u00e1s de sumar los primeros tres puntos en el campeonato, <strong>Ferro<\/strong> present\u00f3 una plantilla con varios juveniles y <strong>tuvo los debuts de Santiago Nu\u00f1ez, Sebasti\u00e1n Gonz\u00e1lez y Santiago Ortiz<\/strong>.<\/p>\n<p>&nbsp;<\/p>\n<p><strong>S\u00edntesis Luj\u00e1n \u2013 Ferro Carril Sud: \u00a0<\/strong><\/p>\n<p><strong>Luj\u00e1n (0):<\/strong> Nicol\u00e1s Vivas; Cristian Orradre, Nahuel Ben\u00edtez, Renzo Vivas, Gerardo Casta\u00f1ares; Miqueas Oliveto, Ariel San Juli\u00e1n, Lautaro Colo (D. Armendano), Maycol Salles (N. Monje); Mat\u00edas Maguna y Gonzalo Mart\u00ednez (E. Giacone). DT: Pedro Orellana.<\/p>\n<p><strong>Ferro Carril Sud (3): <\/strong>Facundo Piecenti; Tom\u00e1s Lindner, Enzo Su\u00e1rez, Mateo Tamagnini, Tom\u00e1s G\u00f3mez; Facundo Beratz (S. Ortiz), Maximiliano Gargaglione, Rodrigo Garro, Franco Hammerschmidt (S. Gonz\u00e1lez); Santiago Nu\u00f1ez (A. Bali\u00f1o) y Thiago Andreu. DT: Miguel Diorio.<\/p>\n<p><strong>Goles<\/strong>: 4m. ST y 43m. ST Thiago Andreu y 45m. ST Rodrigo Garro (FCS).<\/p>\n<p><strong>Amonestados<\/strong>: R. Vivas (Luj\u00e1n); Andreu (Ferro).<\/p>\n<p><strong>Expulsados<\/strong>: 29m. ST Ariel San Juli\u00e1n (L) y 33m. ST Miqueas Oliveto (L).<\/p>\n<p><strong>\u00c1rbitro<\/strong>: Lisandro Rodr\u00edguez. <strong>Estadio<\/strong>: Clemente Di Carlo.<\/p>\n<p><strong>Reserva: <\/strong>Luj\u00e1n <strong>1 \u2013 1<\/strong> Ferro Carril Sud<\/p>\n","protected":false},"excerpt":{"rendered":"<p>El \u201cCarbonero\u201d liquid\u00f3 las acciones sobre el final del encuentro y derrot\u00f3 3 a 0 a Luj\u00e1n en el marco<\/p>\n","protected":false},"author":96739694,"featured_media":156910,"comment_status":"closed","ping_status":"closed","sticky":false,"template":"","format":"standard","meta":{"_jetpack_memberships_contains_paid_content":false,"footnotes":""},"categories":[35,1,41],"tags":[],"class_list":["post-137360","post","type-post","status-publish","format-standard","has-post-thumbnail","hentry","category-futbol","category-portada","category-primera-y-reserva"],"jetpack_featured_media_url":"https:\/\/i0.wp.com\/cdnoticias.com\/wp-content\/uploads\/2023\/08\/ferro-lujan-3.jpeg?fit=1280%2C853&ssl=1","jetpack_sharing_enabled":true,"_links":{"self":[{"href":"https:\/\/cdnoticias.com\/index.php\/wp-json\/wp\/v2\/posts\/137360","targetHints":{"allow":["GET"]}}],"collection":[{"href":"https:\/\/cdnoticias.com\/index.php\/wp-json\/wp\/v2\/posts"}],"about":[{"href":"https:\/\/cdnoticias.com\/index.php\/wp-json\/wp\/v2\/types\/post"}],"author":[{"embeddable":true,"href":"https:\/\/cdnoticias.com\/index.php\/wp-json\/wp\/v2\/users\/96739694"}],"replies":[{"embeddable":true,"href":"https:\/\/cdnoticias.com\/index.php\/wp-json\/wp\/v2\/comments?post=137360"}],"version-history":[{"count":0,"href":"https:\/\/cdnoticias.com\/index.php\/wp-json\/wp\/v2\/posts\/137360\/revisions"}],"wp:featuredmedia":[{"embeddable":true,"href":"https:\/\/cdnoticias.com\/index.php\/wp-json\/wp\/v2\/media\/156910"}],"wp:attachment":[{"href":"https:\/\/cdnoticias.com\/index.php\/wp-json\/wp\/v2\/media?parent=137360"}],"wp:term":[{"taxonomy":"category","embeddable":true,"href":"https:\/\/cdnoticias.com\/index.php\/wp-json\/wp\/v2\/categories?post=137360"},{"taxonomy":"post_tag","embeddable":true,"href":"https:\/\/cdnoticias.com\/index.php\/wp-json\/wp\/v2\/tags?post=137360"}],"curies":[{"name":"wp","href":"https:\/\/api.w.org\/{rel}","templated":true}]}}