{"id":137352,"date":"2023-08-19T12:11:33","date_gmt":"2023-08-19T15:11:33","guid":{"rendered":"http:\/\/centraldeportes.com.ar\/?p=40274"},"modified":"2025-02-11T21:03:40","modified_gmt":"2025-02-12T00:03:40","slug":"reserva-afa-arranco-la-copa-proyeccion-y-fue-con-la-vuelta-de-cardillo","status":"publish","type":"post","link":"https:\/\/cdnoticias.com\/index.php\/2023\/08\/19\/reserva-afa-arranco-la-copa-proyeccion-y-fue-con-la-vuelta-de-cardillo\/","title":{"rendered":"Reserva AFA: arranc\u00f3 la Copa Proyecci\u00f3n y fue con la vuelta de Cardillo"},"content":{"rendered":"<p>Adem\u00e1s del volante \u201cGranate\u201d, el inicio del certamen cont\u00f3 con las presencias de Alberca, Diuono y Mend\u00eda.<!--more--><\/p>\n<hr \/>\n<p>Al igual que la Primera Divisi\u00f3n, la <strong>categor\u00eda preliminar del f\u00fatbol de AFA<\/strong> disput\u00f3 \u00edntegramente la <strong>1\u00b0 fecha de la Copa Proyecci\u00f3n<\/strong> con la presencia de <strong>cuatro futbolistas oriundos de nuestra ciudad<\/strong>.<\/p>\n<p>&nbsp;<\/p>\n<p>La novedad de la jornada la marc\u00f3<strong> Mauricio Cardillo<\/strong>, quien <strong>regres\u00f3 a las canchas vistiendo la camiseta de Lan\u00fas tras su paso por Nueva Chicago en la Primera Nacional<\/strong>. El volante fue titular en la derrota 2 a 1 del \u201cGranate\u201d contra San Lorenzo y complet\u00f3 los 90\u2019 del partido que se jug\u00f3 en dos d\u00edas, luego de suspenderse en primera instancia por malas condiciones clim\u00e1ticas.<\/p>\n<p>&nbsp;<\/p>\n<p>El mi\u00e9rcoles, en la cancha del Predio 4 de Junio, Independiente gole\u00f3 3 a 0 a Col\u00f3n de Santa Fe a domicilio y sum\u00f3 sus primeros tres puntos en el campeonato. <strong>Mateo Alberca comenz\u00f3 el encuentro en el once titula<\/strong>r y a los 12\u2019 del segundo tiempo sali\u00f3 reemplazado por Luciano Barrios.<\/p>\n<p>&nbsp;<\/p>\n<figure id=\"attachment_40276\" aria-describedby=\"caption-attachment-40276\" style=\"width: 800px\" class=\"wp-caption aligncenter\"><img data-recalc-dims=\"1\" loading=\"lazy\" decoding=\"async\" class=\"wp-image-40276 size-large\" src=\"https:\/\/i0.wp.com\/centraldeportes.com.ar\/wp-content\/uploads\/2023\/08\/Lautaro-Diuono-Reserva-AFA-1%C2%B0-fecha-Copa-de-la-Liga-e1692457827888-1024x594.jpg?resize=800%2C464\" alt=\"\" width=\"800\" height=\"464\" \/><figcaption id=\"caption-attachment-40276\" class=\"wp-caption-text\">Cr\u00e9dito: Club Atl\u00e9tico Tigre<\/figcaption><\/figure>\n<p>&nbsp;<\/p>\n<p><strong>Otro olavarriense que jug\u00f3 desde el arranque fue Lautaro Diuono en Sarmiento de Jun\u00edn<\/strong>. El \u201cVerde\u201d fue visitante de Tigre y comenz\u00f3 con derrota en la copa tras caer por 1 a 0. El surgido en Loma Negra ocup\u00f3 un lugar en la mitad de la cancha y a los 24\u2019 del complemento fue sustituido por Juan Cruz Caviglia.<\/p>\n<p>&nbsp;<\/p>\n<p><strong>El \u00fanico que no tuvo minutos, pero estuvo presente en el banco de suplentes fue Mateo Mend\u00eda en Boca Juniors<\/strong>. El \u201cXeneize\u201d debut\u00f3 con triunfo 3 a 0 sobre Platense y arranc\u00f3 con el pie derecho en el segundo certamen del a\u00f1o.<\/p>\n<p>&nbsp;<\/p>\n<p><em><strong>Foto: Club Lan\u00fas Oficial.<\/strong><\/em><\/p>\n","protected":false},"excerpt":{"rendered":"<p>Adem\u00e1s del volante \u201cGranate\u201d, el inicio del certamen cont\u00f3 con las presencias de Alberca, Diuono y Mend\u00eda.<\/p>\n","protected":false},"author":96739694,"featured_media":156938,"comment_status":"closed","ping_status":"closed","sticky":false,"template":"","format":"standard","meta":{"_jetpack_memberships_contains_paid_content":false,"footnotes":""},"categories":[35,37,1],"tags":[],"class_list":["post-137352","post","type-post","status-publish","format-standard","has-post-thumbnail","hentry","category-futbol","category-futbol-profesional","category-portada"],"jetpack_featured_media_url":"https:\/\/i0.wp.com\/cdnoticias.com\/wp-content\/uploads\/2023\/08\/Mauricio-Cardillo-Reserva-AFA-1%C2%B0-fecha-Copa-Proyecci%C3%B3n-e1692457875953.jpg?fit=1800%2C1101&ssl=1","jetpack_sharing_enabled":true,"_links":{"self":[{"href":"https:\/\/cdnoticias.com\/index.php\/wp-json\/wp\/v2\/posts\/137352","targetHints":{"allow":["GET"]}}],"collection":[{"href":"https:\/\/cdnoticias.com\/index.php\/wp-json\/wp\/v2\/posts"}],"about":[{"href":"https:\/\/cdnoticias.com\/index.php\/wp-json\/wp\/v2\/types\/post"}],"author":[{"embeddable":true,"href":"https:\/\/cdnoticias.com\/index.php\/wp-json\/wp\/v2\/users\/96739694"}],"replies":[{"embeddable":true,"href":"https:\/\/cdnoticias.com\/index.php\/wp-json\/wp\/v2\/comments?post=137352"}],"version-history":[{"count":0,"href":"https:\/\/cdnoticias.com\/index.php\/wp-json\/wp\/v2\/posts\/137352\/revisions"}],"wp:featuredmedia":[{"embeddable":true,"href":"https:\/\/cdnoticias.com\/index.php\/wp-json\/wp\/v2\/media\/156938"}],"wp:attachment":[{"href":"https:\/\/cdnoticias.com\/index.php\/wp-json\/wp\/v2\/media?parent=137352"}],"wp:term":[{"taxonomy":"category","embeddable":true,"href":"https:\/\/cdnoticias.com\/index.php\/wp-json\/wp\/v2\/categories?post=137352"},{"taxonomy":"post_tag","embeddable":true,"href":"https:\/\/cdnoticias.com\/index.php\/wp-json\/wp\/v2\/tags?post=137352"}],"curies":[{"name":"wp","href":"https:\/\/api.w.org\/{rel}","templated":true}]}}