{"id":137347,"date":"2023-08-18T18:58:03","date_gmt":"2023-08-18T21:58:03","guid":{"rendered":"http:\/\/centraldeportes.com.ar\/?p=40251"},"modified":"2025-02-11T21:03:45","modified_gmt":"2025-02-12T00:03:45","slug":"tiro-hubo-otra-fecha-de-la-copa-soldado-poltronieri","status":"publish","type":"post","link":"https:\/\/cdnoticias.com\/index.php\/2023\/08\/18\/tiro-hubo-otra-fecha-de-la-copa-soldado-poltronieri\/","title":{"rendered":"Tiro: hubo otra fecha de la \u201cCopa Soldado Poltronieri\u201d"},"content":{"rendered":"<p>El pasado fin de semana y con una docena de participantes se complet\u00f3 la 3\u00b0 fecha de la \u201cCopa Soldado O. Poltronier\u201d organizada por el Tiro Federal Olavarr\u00eda.<!--more--><\/p>\n<hr \/>\n<p>En la pedana del Tiro Federal de Olavarr\u00eda pas\u00f3 otra fecha de la competencia de fusil precisi\u00f3n a 300 metros y el triunfo fue para Gerardo Reyes con 72 puntos.<\/p>\n<p>&nbsp;<\/p>\n<p>La actividad que cont\u00f3 con una docena de participantes tuvo a Santiago Pompei como segundo con 71 puntos y Rafael Bongiorno con 67 completando el podio.<\/p>\n<p>&nbsp;<\/p>\n\n<p>&nbsp;<\/p>\n<p>Adem\u00e1s, participaron Alfredo Alberdi, Santiago Del Giorgio, Hern\u00e1n Go\u00f1i, Javier Pereyra, Marcos Steimbach, Luj\u00e1n Pompei, Fabi\u00e1n Petrone, Mart\u00edn Miserantino y Andr\u00e9s Arla.<\/p>\n","protected":false},"excerpt":{"rendered":"<p>El pasado fin de semana y con una docena de participantes se complet\u00f3 la 3\u00b0 fecha de la \u201cCopa Soldado<\/p>\n","protected":false},"author":96739694,"featured_media":156947,"comment_status":"closed","ping_status":"closed","sticky":false,"template":"","format":"standard","meta":{"_jetpack_memberships_contains_paid_content":false,"footnotes":""},"categories":[30,1],"tags":[],"class_list":["post-137347","post","type-post","status-publish","format-standard","has-post-thumbnail","hentry","category-polideportivo","category-portada"],"jetpack_featured_media_url":"https:\/\/i0.wp.com\/cdnoticias.com\/wp-content\/uploads\/2023\/08\/367400641_686548506850085_6820113160552848164_n.jpg?fit=1600%2C1200&ssl=1","jetpack_sharing_enabled":true,"_links":{"self":[{"href":"https:\/\/cdnoticias.com\/index.php\/wp-json\/wp\/v2\/posts\/137347","targetHints":{"allow":["GET"]}}],"collection":[{"href":"https:\/\/cdnoticias.com\/index.php\/wp-json\/wp\/v2\/posts"}],"about":[{"href":"https:\/\/cdnoticias.com\/index.php\/wp-json\/wp\/v2\/types\/post"}],"author":[{"embeddable":true,"href":"https:\/\/cdnoticias.com\/index.php\/wp-json\/wp\/v2\/users\/96739694"}],"replies":[{"embeddable":true,"href":"https:\/\/cdnoticias.com\/index.php\/wp-json\/wp\/v2\/comments?post=137347"}],"version-history":[{"count":0,"href":"https:\/\/cdnoticias.com\/index.php\/wp-json\/wp\/v2\/posts\/137347\/revisions"}],"wp:featuredmedia":[{"embeddable":true,"href":"https:\/\/cdnoticias.com\/index.php\/wp-json\/wp\/v2\/media\/156947"}],"wp:attachment":[{"href":"https:\/\/cdnoticias.com\/index.php\/wp-json\/wp\/v2\/media?parent=137347"}],"wp:term":[{"taxonomy":"category","embeddable":true,"href":"https:\/\/cdnoticias.com\/index.php\/wp-json\/wp\/v2\/categories?post=137347"},{"taxonomy":"post_tag","embeddable":true,"href":"https:\/\/cdnoticias.com\/index.php\/wp-json\/wp\/v2\/tags?post=137347"}],"curies":[{"name":"wp","href":"https:\/\/api.w.org\/{rel}","templated":true}]}}