{"id":137344,"date":"2023-08-17T18:25:08","date_gmt":"2023-08-17T21:25:08","guid":{"rendered":"http:\/\/centraldeportes.com.ar\/?p=40205"},"modified":"2025-02-11T21:03:57","modified_gmt":"2025-02-12T00:03:57","slug":"primera-nacional-la-fecha-entre-semana-solo-tuvo-a-un-olavarriense","status":"publish","type":"post","link":"https:\/\/cdnoticias.com\/index.php\/2023\/08\/17\/primera-nacional-la-fecha-entre-semana-solo-tuvo-a-un-olavarriense\/","title":{"rendered":"Primera Nacional: la fecha entre semana solo tuvo a un olavarriense"},"content":{"rendered":"<p>Fue en la derrota 1 a 0 de San Telmo sobre Agropecuario, por el duelo correspondiente a la 29\u00b0 cita de la Zona A.<!--more--><\/p>\n<hr \/>\n<p>Por motivo de las PASO, la segunda categor\u00eda del f\u00fatbol argentino celebr\u00f3 desde el martes al pasado mi\u00e9rcoles la <strong>29\u00b0 fecha de la Zona A<\/strong>, que tuvo solamente una presencia local.<\/p>\n<p>&nbsp;<\/p>\n<p>Es que <strong>Ignacio Pietrobono<\/strong> contin\u00faa recuper\u00e1ndose de su lesi\u00f3n, en tanto que <strong>Edgardo Maldonado<\/strong> no estuvo convocado en Agropecuario para el choque olavarriense.<\/p>\n<p>&nbsp;<\/p>\n<p>El \u00fanico futbolista local en terreno de juego fue <strong>Kevin Ceceri<\/strong>, quien <strong>fue titular en la ca\u00edda por 1 a 0 de San Telmo sobre el \u201cSojero\u201d en Isla Maciel<\/strong>. El defensor tuvo la chance de disputar los 90\u2019 completos.<\/p>\n<p>&nbsp;<\/p>\n<p>Con esta derrota, el \u201cCandombero\u201d lleg\u00f3 a los ocho partidos sin triunfos y est\u00e1 \u00faltimo en la Zona A en puesto de descenso. Asimismo este domingo, por la fecha 20, enfrentar\u00e1 en condici\u00f3n de visitante a Guillermo Brown de Puerto Madryn.<\/p>\n<p>&nbsp;<\/p>\n<p><em><strong>Foto: Nair Safenraiter.<\/strong><\/em><\/p>\n","protected":false},"excerpt":{"rendered":"<p>Fue en la derrota 1 a 0 de San Telmo sobre Agropecuario, por el duelo correspondiente a la 29\u00b0 cita<\/p>\n","protected":false},"author":96739694,"featured_media":156962,"comment_status":"closed","ping_status":"closed","sticky":false,"template":"","format":"standard","meta":{"_jetpack_memberships_contains_paid_content":false,"footnotes":""},"categories":[35,37,1],"tags":[],"class_list":["post-137344","post","type-post","status-publish","format-standard","has-post-thumbnail","hentry","category-futbol","category-futbol-profesional","category-portada"],"jetpack_featured_media_url":"https:\/\/i0.wp.com\/cdnoticias.com\/wp-content\/uploads\/2023\/08\/Kevin-Ceceri-San-Telmo-Fecha-29%C2%B0-e1692307442158.jpg?fit=1800%2C1080&ssl=1","jetpack_sharing_enabled":true,"_links":{"self":[{"href":"https:\/\/cdnoticias.com\/index.php\/wp-json\/wp\/v2\/posts\/137344","targetHints":{"allow":["GET"]}}],"collection":[{"href":"https:\/\/cdnoticias.com\/index.php\/wp-json\/wp\/v2\/posts"}],"about":[{"href":"https:\/\/cdnoticias.com\/index.php\/wp-json\/wp\/v2\/types\/post"}],"author":[{"embeddable":true,"href":"https:\/\/cdnoticias.com\/index.php\/wp-json\/wp\/v2\/users\/96739694"}],"replies":[{"embeddable":true,"href":"https:\/\/cdnoticias.com\/index.php\/wp-json\/wp\/v2\/comments?post=137344"}],"version-history":[{"count":0,"href":"https:\/\/cdnoticias.com\/index.php\/wp-json\/wp\/v2\/posts\/137344\/revisions"}],"wp:featuredmedia":[{"embeddable":true,"href":"https:\/\/cdnoticias.com\/index.php\/wp-json\/wp\/v2\/media\/156962"}],"wp:attachment":[{"href":"https:\/\/cdnoticias.com\/index.php\/wp-json\/wp\/v2\/media?parent=137344"}],"wp:term":[{"taxonomy":"category","embeddable":true,"href":"https:\/\/cdnoticias.com\/index.php\/wp-json\/wp\/v2\/categories?post=137344"},{"taxonomy":"post_tag","embeddable":true,"href":"https:\/\/cdnoticias.com\/index.php\/wp-json\/wp\/v2\/tags?post=137344"}],"curies":[{"name":"wp","href":"https:\/\/api.w.org\/{rel}","templated":true}]}}