{"id":137336,"date":"2023-08-17T11:30:31","date_gmt":"2023-08-17T14:30:31","guid":{"rendered":"http:\/\/centraldeportes.com.ar\/?p=40144"},"modified":"2025-02-11T21:04:00","modified_gmt":"2025-02-12T00:04:00","slug":"excelentes-resultados-de-patinadoras-y-patinadores-boquenses-en-el-regional","status":"publish","type":"post","link":"https:\/\/cdnoticias.com\/index.php\/2023\/08\/17\/excelentes-resultados-de-patinadoras-y-patinadores-boquenses-en-el-regional\/","title":{"rendered":"Excelentes resultados de patinadoras y patinadores boquenses en el regional"},"content":{"rendered":"<p>Durante los primeros d\u00edas de agosto se desarroll\u00f3 el tercer regional organizado por la Asociaci\u00f3n del Centro de Pat\u00edn, en Estudiantes y hubo destacados resultados para las patinadoras del Club Boca Junior.<!--more--><\/p>\n<hr \/>\n<p>Patinadoras y patinadores boquenses obtuvieron destacados resultados en el Macrogimnasio del Parque Guerrero.<\/p>\n<p>&nbsp;<\/p>\n<p>Acompa\u00f1ados por Marcela Romera y Mauricio Gogorza ambos t\u00e9cnicos del club boquense, los deportistas demostraron su trabajo y acompa\u00f1amiento mutuo del equipo durante todo el fin de semana.<\/p>\n<p>&nbsp;<\/p>\n<p>Los resultados:<\/p>\n<p>Disciplina Libre:<br \/>\nFormativa 8 y 9 a\u00f1os: 4\u00b0 Ernestina Fernandez, menci\u00f3n Antonia Dumerauf, menci\u00f3n Pilar Brea<br \/>\nFormativa 12 y 13 a\u00f1os: 3\u00b0 Zoe Alonso, menci\u00f3n Juana Merli, menci\u00f3n Mia Navarro<br \/>\nFormativa 14 y 15 a\u00f1os: 1\u00b0 Sofia Scolaro<br \/>\n5\u00b0 C 10 y 11 a\u00f1os: 4\u00b0 Micaela Schneider, menci\u00f3n Paulina Mimbielle<br \/>\n5\u00b0 C 12 y 13 a\u00f1os: menci\u00f3n Jazmin Fernandez<br \/>\n5\u00b0 C 14 y 15 a\u00f1os: 3\u00b0 Alma Cabado<br \/>\n5\u00b0 C 16 a\u00f1os y m\u00e1s: 1\u00b0 Juanita Caballero<br \/>\n4\u00b0 C 12 y 13 a\u00f1os: 7\u00b0 Mia Jansen<br \/>\n4\u00b0 C 14 y 15 a\u00f1os caballeros: 1\u00b0 Nehem\u00edas Mendoza<br \/>\n3\u00b0 C 10 y 11 a\u00f1os: 1\u00b0 Luc\u00eda Giacomaso<br \/>\n3\u00b0 C 12 y 13 a\u00f1os: 2\u00b0 Emilia Tonel, 3\u00b0 Lola Lachermeier, 5\u00b0 Valentina Pini, 6\u00b0 Mora Hermada<br \/>\n3\u00b0 C 16 a\u00f1os y m\u00e1s: 1\u00b0 Denise Landi, 3\u00b0 Melina Errobidart, 7\u00b0 Luzmila Vandick<br \/>\nPromocional B Juvenil: 1\u00b0 Eugenia Noms<br \/>\nPromocional B Junior: 1\u00b0 Morena Diaz<br \/>\n3\u00b0 B Juvenil: 2\u00b0 Catalina Clementi<br \/>\n2\u00b0 B Juvenil: 1\u00b0 Felicitas Giacomaso<br \/>\nNacional A Elite Senior Caballeros: 1\u00b0 Federico Fiscella<\/p>\n<p>Disciplina Danza<br \/>\nC B\u00e1sico Mini Infantil: 2\u00b0 Lucia Giacomaso<br \/>\nC B\u00e1sico Cadete caballeros: 1\u00b0 Nehem\u00edas Mendoza<br \/>\nNacional B\u00e1sico Juvenil: 1\u00b0 Catalina Clementi<br \/>\nNacional B\u00e1sico Junior: 1\u00b0 Martina Zarabozo Bricka<br \/>\nNacional Elite Senior B: 1\u00b0 Luz Kremer<\/p>\n<p>Disciplina Figuras Obligatorias<br \/>\n5\u00b0 C 12 y 13 a\u00f1os: 4\u00b0 Jansen Mia<br \/>\n5\u00b0 C 14 y 15 a\u00f1os caballeros: 1\u00b0 Nehem\u00edas Mendoza<br \/>\n3\u00b0 C 10 Y 11 a\u00f1os: 1\u00b0 Lucia Giacomaso<br \/>\n3\u00b0 B Juvenil: 1\u00b0 Catalina Clementi<br \/>\nNacional A Junior: 1\u00b0 Martina Zarabozo Bricka<br \/>\nInternacional Senior: 1\u00b0 Luz Kremer<\/p>\n","protected":false},"excerpt":{"rendered":"<p>Durante los primeros d\u00edas de agosto se desarroll\u00f3 el tercer regional organizado por la Asociaci\u00f3n del Centro de Pat\u00edn, en<\/p>\n","protected":false},"author":96739694,"featured_media":156968,"comment_status":"closed","ping_status":"closed","sticky":false,"template":"","format":"standard","meta":{"_jetpack_memberships_contains_paid_content":false,"footnotes":""},"categories":[30,1],"tags":[],"class_list":["post-137336","post","type-post","status-publish","format-standard","has-post-thumbnail","hentry","category-polideportivo","category-portada"],"jetpack_featured_media_url":"https:\/\/i0.wp.com\/cdnoticias.com\/wp-content\/uploads\/2023\/08\/IMG-20230810-WA0052.jpg?fit=1600%2C1200&ssl=1","jetpack_sharing_enabled":true,"_links":{"self":[{"href":"https:\/\/cdnoticias.com\/index.php\/wp-json\/wp\/v2\/posts\/137336","targetHints":{"allow":["GET"]}}],"collection":[{"href":"https:\/\/cdnoticias.com\/index.php\/wp-json\/wp\/v2\/posts"}],"about":[{"href":"https:\/\/cdnoticias.com\/index.php\/wp-json\/wp\/v2\/types\/post"}],"author":[{"embeddable":true,"href":"https:\/\/cdnoticias.com\/index.php\/wp-json\/wp\/v2\/users\/96739694"}],"replies":[{"embeddable":true,"href":"https:\/\/cdnoticias.com\/index.php\/wp-json\/wp\/v2\/comments?post=137336"}],"version-history":[{"count":0,"href":"https:\/\/cdnoticias.com\/index.php\/wp-json\/wp\/v2\/posts\/137336\/revisions"}],"wp:featuredmedia":[{"embeddable":true,"href":"https:\/\/cdnoticias.com\/index.php\/wp-json\/wp\/v2\/media\/156968"}],"wp:attachment":[{"href":"https:\/\/cdnoticias.com\/index.php\/wp-json\/wp\/v2\/media?parent=137336"}],"wp:term":[{"taxonomy":"category","embeddable":true,"href":"https:\/\/cdnoticias.com\/index.php\/wp-json\/wp\/v2\/categories?post=137336"},{"taxonomy":"post_tag","embeddable":true,"href":"https:\/\/cdnoticias.com\/index.php\/wp-json\/wp\/v2\/tags?post=137336"}],"curies":[{"name":"wp","href":"https:\/\/api.w.org\/{rel}","templated":true}]}}