{"id":137329,"date":"2023-08-15T18:49:40","date_gmt":"2023-08-15T21:49:40","guid":{"rendered":"http:\/\/centraldeportes.com.ar\/?p=40101"},"modified":"2025-02-11T21:01:16","modified_gmt":"2025-02-12T00:01:16","slug":"recuperaron-elementos-robados-a-el-fortin","status":"publish","type":"post","link":"https:\/\/cdnoticias.com\/index.php\/2023\/08\/15\/recuperaron-elementos-robados-a-el-fortin\/","title":{"rendered":"Recuperaron elementos robados a El Fort\u00edn"},"content":{"rendered":"<p>En las \u00faltimas horas, el Club El Fort\u00edn inform\u00f3 que, tras un importante allanamiento, recuperaron elementos que hab\u00edan sido robados del predio de la avenida Pellegrini.<!--more--><\/p>\n<hr \/>\n<p>El Club\u00a0<strong>El Fort\u00edn confirm\u00f3 en sus redes que fueron recuperados elementos que les hab\u00edan sido sustra\u00eddos en <a href=\"https:\/\/cdnoticias.com\/el-predio-del-club-el-fortin-sin-luz-por-un-robo\/\">diversos robos<\/a> en las \u00faltimas semanas.<\/strong><\/p>\n<p>&nbsp;<\/p>\n<p>Se trata de un<strong>\u00a0importante procedimiento policial realizado por personal de la SubDDI Olavarr\u00eda en la que se encontr\u00f3 gran cantidad de cables y metales destinados a la fundici\u00f3n<\/strong>\u00a0y que tienen relaci\u00f3n con hechos vinculados al club.<\/p>\n<p>&nbsp;<\/p>\n<p>Para mayor informaci\u00f3n, la nota completa en <a href=\"https:\/\/www.centraldenoticias.com.ar\/index.php\/2023\/08\/15\/el-fortin-confirmo-que-recuperaron-elementos-robados-del-club\/\">www.centraldenoticias.com.ar<\/a><\/p>\n","protected":false},"excerpt":{"rendered":"<p>En las \u00faltimas horas, el Club El Fort\u00edn inform\u00f3 que, tras un importante allanamiento, recuperaron elementos que hab\u00edan sido robados<\/p>\n","protected":false},"author":96739694,"featured_media":156863,"comment_status":"closed","ping_status":"closed","sticky":false,"template":"","format":"standard","meta":{"_jetpack_memberships_contains_paid_content":false,"footnotes":""},"categories":[30,1],"tags":[],"class_list":["post-137329","post","type-post","status-publish","format-standard","has-post-thumbnail","hentry","category-polideportivo","category-portada"],"jetpack_featured_media_url":"https:\/\/i0.wp.com\/cdnoticias.com\/wp-content\/uploads\/2023\/08\/ddi.jpg?fit=800%2C445&ssl=1","jetpack_sharing_enabled":true,"_links":{"self":[{"href":"https:\/\/cdnoticias.com\/index.php\/wp-json\/wp\/v2\/posts\/137329","targetHints":{"allow":["GET"]}}],"collection":[{"href":"https:\/\/cdnoticias.com\/index.php\/wp-json\/wp\/v2\/posts"}],"about":[{"href":"https:\/\/cdnoticias.com\/index.php\/wp-json\/wp\/v2\/types\/post"}],"author":[{"embeddable":true,"href":"https:\/\/cdnoticias.com\/index.php\/wp-json\/wp\/v2\/users\/96739694"}],"replies":[{"embeddable":true,"href":"https:\/\/cdnoticias.com\/index.php\/wp-json\/wp\/v2\/comments?post=137329"}],"version-history":[{"count":0,"href":"https:\/\/cdnoticias.com\/index.php\/wp-json\/wp\/v2\/posts\/137329\/revisions"}],"wp:featuredmedia":[{"embeddable":true,"href":"https:\/\/cdnoticias.com\/index.php\/wp-json\/wp\/v2\/media\/156863"}],"wp:attachment":[{"href":"https:\/\/cdnoticias.com\/index.php\/wp-json\/wp\/v2\/media?parent=137329"}],"wp:term":[{"taxonomy":"category","embeddable":true,"href":"https:\/\/cdnoticias.com\/index.php\/wp-json\/wp\/v2\/categories?post=137329"},{"taxonomy":"post_tag","embeddable":true,"href":"https:\/\/cdnoticias.com\/index.php\/wp-json\/wp\/v2\/tags?post=137329"}],"curies":[{"name":"wp","href":"https:\/\/api.w.org\/{rel}","templated":true}]}}