{"id":137322,"date":"2023-08-14T18:21:28","date_gmt":"2023-08-14T21:21:28","guid":{"rendered":"http:\/\/centraldeportes.com.ar\/?p=40075"},"modified":"2025-02-11T21:01:24","modified_gmt":"2025-02-12T00:01:24","slug":"ex-arquero-de-loma-negra-involucrado-en-un-fuerte-accidente-en-ruta-51","status":"publish","type":"post","link":"https:\/\/cdnoticias.com\/index.php\/2023\/08\/14\/ex-arquero-de-loma-negra-involucrado-en-un-fuerte-accidente-en-ruta-51\/","title":{"rendered":"Ex arquero de Loma Negra involucrado en un fuerte accidente en Ruta 51"},"content":{"rendered":"<p>Se trata de Sim\u00f3n Flocco, tambi\u00e9n precandidato a concejal de Laprida, quien en la madrugada de este lunes fue protagonista de un siniestro vial ocurrido en el trazado provincial con direcci\u00f3n a Olavarr\u00eda.<!--more--><\/p>\n<hr \/>\n<p>En la madrugada de este lunes,\u00a0<strong>un hombre result\u00f3 con heridas tras protagonizar, con su camioneta, un violento accidente en ruta 51 en la zona de Laprida y La Madrid en regreso a Olavarr\u00eda.<\/strong><\/p>\n<p>&nbsp;<\/p>\n<p>Seg\u00fan informaron medios de la vecina ciudad,<strong>\u00a0se trata del arquero de Independiente de Chillar y precandidato a concejal por Juntos \u201cLa Fuerza del cambio\u201d Sim\u00f3n Flocco, quien choc\u00f3 con su auto Peugeot 2008 a la altura del kil\u00f3metro 523 de la ruta provincial.<\/strong><\/p>\n<p>&nbsp;<\/p>\n<p>M\u00e1s detalles en <a href=\"https:\/\/www.centraldenoticias.com.ar\/index.php\/2023\/08\/14\/ruta-51-una-camioneta-protagonizo-un-violento-accidente\/\">www.centraldenoticias.com.ar<\/a><\/p>\n","protected":false},"excerpt":{"rendered":"<p>Se trata de Sim\u00f3n Flocco, tambi\u00e9n precandidato a concejal de Laprida, quien en la madrugada de este lunes fue protagonista<\/p>\n","protected":false},"author":96739694,"featured_media":156879,"comment_status":"closed","ping_status":"closed","sticky":false,"template":"","format":"standard","meta":{"_jetpack_memberships_contains_paid_content":false,"footnotes":""},"categories":[1],"tags":[],"class_list":["post-137322","post","type-post","status-publish","format-standard","has-post-thumbnail","hentry","category-portada"],"jetpack_featured_media_url":"https:\/\/i0.wp.com\/cdnoticias.com\/wp-content\/uploads\/2023\/08\/Accidente-Sim%C3%B3n-Flocco.jpeg?fit=800%2C445&ssl=1","jetpack_sharing_enabled":true,"_links":{"self":[{"href":"https:\/\/cdnoticias.com\/index.php\/wp-json\/wp\/v2\/posts\/137322","targetHints":{"allow":["GET"]}}],"collection":[{"href":"https:\/\/cdnoticias.com\/index.php\/wp-json\/wp\/v2\/posts"}],"about":[{"href":"https:\/\/cdnoticias.com\/index.php\/wp-json\/wp\/v2\/types\/post"}],"author":[{"embeddable":true,"href":"https:\/\/cdnoticias.com\/index.php\/wp-json\/wp\/v2\/users\/96739694"}],"replies":[{"embeddable":true,"href":"https:\/\/cdnoticias.com\/index.php\/wp-json\/wp\/v2\/comments?post=137322"}],"version-history":[{"count":0,"href":"https:\/\/cdnoticias.com\/index.php\/wp-json\/wp\/v2\/posts\/137322\/revisions"}],"wp:featuredmedia":[{"embeddable":true,"href":"https:\/\/cdnoticias.com\/index.php\/wp-json\/wp\/v2\/media\/156879"}],"wp:attachment":[{"href":"https:\/\/cdnoticias.com\/index.php\/wp-json\/wp\/v2\/media?parent=137322"}],"wp:term":[{"taxonomy":"category","embeddable":true,"href":"https:\/\/cdnoticias.com\/index.php\/wp-json\/wp\/v2\/categories?post=137322"},{"taxonomy":"post_tag","embeddable":true,"href":"https:\/\/cdnoticias.com\/index.php\/wp-json\/wp\/v2\/tags?post=137322"}],"curies":[{"name":"wp","href":"https:\/\/api.w.org\/{rel}","templated":true}]}}