{"id":137317,"date":"2023-08-13T10:14:41","date_gmt":"2023-08-13T13:14:41","guid":{"rendered":"http:\/\/centraldeportes.com.ar\/?p=40046"},"modified":"2025-02-11T21:01:35","modified_gmt":"2025-02-12T00:01:35","slug":"veteranos-la-continuidad-del-clausura-tuvo-algunas-suspensiones","status":"publish","type":"post","link":"https:\/\/cdnoticias.com\/index.php\/2023\/08\/13\/veteranos-la-continuidad-del-clausura-tuvo-algunas-suspensiones\/","title":{"rendered":"Veteranos: la continuidad del Clausura tuvo algunas suspensiones"},"content":{"rendered":"<p>El F\u00fatbol Olavarriense S\u00e9nior tuvo otra jornada de mucho f\u00fatbol en diferentes escenarios, pero hubo dos partidos suspendidos.<!--more--><\/p>\n<hr \/>\n<p>En diferentes escenarios y a pesar de la fr\u00eda jornada, se disputaron los encuentros de la 3\u00b0 fecha del Torneo Clausura de las categor\u00edas +50 y +56, mientras que, en +42, la 2\u00b0 fecha tuvo algunas suspensiones que ten\u00edan cita en el Complejo El Indio. Los mismos ser\u00e1n reprogramados para otra fecha.<\/p>\n<p>&nbsp;<\/p>\n<p>Los resultados:<\/p>\n<p>+42:<br \/>\nEl Fort\u00edn 2 (Goroso Daniel, Trepichio Maximiliano) \u2013 1 (Ponce Julio) Deportivo Fran<br \/>\nMunicipales 3 (Aguer Marcelo, Kuhn Miguel, Miram\u00f3n Guido) \u2013 0 Sociedad de Fomento Mariano Moreno<br \/>\nLa Candela 5 (Barrionuevo Leonardo -2-, Gonz\u00e1lez \u00c1lvaro, Laprovida Fern\u00e1n, L\u00f3pez Fernando) \u2013 1 (Ferreyra Carlos) Espigas<br \/>\nLoma Negra 1 (Valencia Miguel) \u2013 2 (Castro Omar, Mac\u00edas Cristian) Pe\u00f1a de Boca<br \/>\nLe\u00f3n Serrano 1 (Canozo Miguel) \u2013 0 El Provincial<\/p>\n<p>+50:<br \/>\nLa Amistad 1 (Arriar\u00e1n Jos\u00e9) \u2013 1 (Arrieta Francisco) Espigas<br \/>\nIndependiente de Chillar 1 (Lima Fabi\u00e1n) \u2013 1 (Sal\u00edas Mauricio) Mariano Moreno<br \/>\nAgrupaci\u00f3n Malvinas 1 (Mu\u00f1oz V\u00edctor) \u2013 5 (Auri Sergio, Fern\u00e1ndez Eduardo -4-) 4 de Octubre<br \/>\nPueyrred\u00f3n 2 (Miguez Roberto, Rosello Dante) \u2013 0 Los Robles<br \/>\nLibre: Carboneros<\/p>\n<p>+56:<br \/>\nEl Fort\u00edn 0 \u2013 0 Ferro<br \/>\nEspigas 0 \u2013 1 (Carrizo Marcelo) Racing<br \/>\nIndependiente VAF 1 (Mimbielli Marcelo) \u2013 1 (Rom\u00e1n Luis) Hinojo<br \/>\nLibre: La Amistad<\/p>\n","protected":false},"excerpt":{"rendered":"<p>El F\u00fatbol Olavarriense S\u00e9nior tuvo otra jornada de mucho f\u00fatbol en diferentes escenarios, pero hubo dos partidos suspendidos.<\/p>\n","protected":false},"author":96739694,"featured_media":156896,"comment_status":"closed","ping_status":"closed","sticky":false,"template":"","format":"standard","meta":{"_jetpack_memberships_contains_paid_content":false,"footnotes":""},"categories":[35,1,50],"tags":[],"class_list":["post-137317","post","type-post","status-publish","format-standard","has-post-thumbnail","hentry","category-futbol","category-portada","category-veteranos"],"jetpack_featured_media_url":"https:\/\/i0.wp.com\/cdnoticias.com\/wp-content\/uploads\/2023\/08\/vet.png?fit=789%2C519&ssl=1","jetpack_sharing_enabled":true,"_links":{"self":[{"href":"https:\/\/cdnoticias.com\/index.php\/wp-json\/wp\/v2\/posts\/137317","targetHints":{"allow":["GET"]}}],"collection":[{"href":"https:\/\/cdnoticias.com\/index.php\/wp-json\/wp\/v2\/posts"}],"about":[{"href":"https:\/\/cdnoticias.com\/index.php\/wp-json\/wp\/v2\/types\/post"}],"author":[{"embeddable":true,"href":"https:\/\/cdnoticias.com\/index.php\/wp-json\/wp\/v2\/users\/96739694"}],"replies":[{"embeddable":true,"href":"https:\/\/cdnoticias.com\/index.php\/wp-json\/wp\/v2\/comments?post=137317"}],"version-history":[{"count":0,"href":"https:\/\/cdnoticias.com\/index.php\/wp-json\/wp\/v2\/posts\/137317\/revisions"}],"wp:featuredmedia":[{"embeddable":true,"href":"https:\/\/cdnoticias.com\/index.php\/wp-json\/wp\/v2\/media\/156896"}],"wp:attachment":[{"href":"https:\/\/cdnoticias.com\/index.php\/wp-json\/wp\/v2\/media?parent=137317"}],"wp:term":[{"taxonomy":"category","embeddable":true,"href":"https:\/\/cdnoticias.com\/index.php\/wp-json\/wp\/v2\/categories?post=137317"},{"taxonomy":"post_tag","embeddable":true,"href":"https:\/\/cdnoticias.com\/index.php\/wp-json\/wp\/v2\/tags?post=137317"}],"curies":[{"name":"wp","href":"https:\/\/api.w.org\/{rel}","templated":true}]}}