{"id":137316,"date":"2023-08-13T08:02:29","date_gmt":"2023-08-13T11:02:29","guid":{"rendered":"http:\/\/centraldeportes.com.ar\/?p=40035"},"modified":"2025-02-11T21:01:38","modified_gmt":"2025-02-12T00:01:38","slug":"con-el-estreno-de-colonias-y-cerros-arranco-el-clausura-de-inferiores","status":"publish","type":"post","link":"https:\/\/cdnoticias.com\/index.php\/2023\/08\/13\/con-el-estreno-de-colonias-y-cerros-arranco-el-clausura-de-inferiores\/","title":{"rendered":"Con el estreno de Colonias y Cerros, arranc\u00f3 el Clausura de Inferiores"},"content":{"rendered":"<p>Este s\u00e1bado, el f\u00fatbol menor olavarriense dio el puntapi\u00e9 inicial en distintos escenarios de la ciudad y jug\u00f3 gran parte de la 1\u00b0 fecha. Completar\u00e1n en la semana Estudiantes \u2013 Luj\u00e1n.<!--more--><\/p>\n<hr \/>\n<p>Las <strong>Divisiones Inferiores de Olavarr\u00eda<\/strong> comenzaron oficialmente este s\u00e1bado el tercer torneo del a\u00f1o organizado por la Liga de F\u00fatbol de Olavarr\u00eda, que tuvo el debut oficial de <strong>Colonias y Cerros<\/strong> en Octava y Sexta. La S\u00e9ptima no tuvo actividad.<\/p>\n<p>&nbsp;<\/p>\n<p>El bal\u00f3n rod\u00f3 en siete escenarios de la ciudad, donde se disput\u00f3 gran parte de la<strong> 1\u00b0 fecha del Clausura<\/strong>. Solo <strong>restan jugarse los encuentros entre Estudiantes y Luj\u00e1n<\/strong>, que se celebrar\u00e1n durante el transcurso de la semana ya que el \u201cBata\u201d se encuentra trabajando en el mantenimiento del Parque Carlos Guerrero.<\/p>\n<p>&nbsp;<\/p>\n<p>[soliloquy id=&#8221;40014&#8243;]<\/p>\n<p>&nbsp;<\/p>\n<p>Hubo tambi\u00e9n divisi\u00f3n de local\u00edas entre <strong>Embajadores \u2013 Loma Negra<\/strong> y <strong>Racing \u2013 Ferro<\/strong>, que repartieron resultados. Adem\u00e1s <strong>Hinojo, Sierra Chica y El Fort\u00edn<\/strong> finalizaron la jornada sin derrotas.<\/p>\n<p>&nbsp;<\/p>\n<p>La novedad de la jornada lleg\u00f3 desde La Tradici\u00f3n. En su reciente estreno en Octava Divisi\u00f3n, <strong>Leonel Ramos convirti\u00f3 el primer gol en la historia de Colonias y Cerros dentro de las Divisiones Inferiores<\/strong>.<\/p>\n<p>&nbsp;<\/p>\n<blockquote class=\"instagram-media\" style=\"background: #FFF; border: 0; border-radius: 3px; box-shadow: 0 0 1px 0 rgba(0,0,0,0.5),0 1px 10px 0 rgba(0,0,0,0.15); margin: 1px; max-width: 540px; min-width: 326px; padding: 0; width: calc(100% - 2px);\" data-instgrm-captioned=\"\" data-instgrm-permalink=\"https:\/\/www.instagram.com\/reel\/Cv3PjGqgHCo\/?utm_source=ig_embed&amp;utm_campaign=loading\" data-instgrm-version=\"14\">\n<div style=\"padding: 16px;\">\n<p>&nbsp;<\/p>\n<div style=\"display: flex; flex-direction: row; align-items: center;\">\n<div style=\"background-color: #f4f4f4; border-radius: 50%; flex-grow: 0; height: 40px; margin-right: 14px; width: 40px;\"><\/div>\n<div style=\"display: flex; flex-direction: column; flex-grow: 1; justify-content: center;\">\n<div style=\"background-color: #f4f4f4; border-radius: 4px; flex-grow: 0; height: 14px; margin-bottom: 6px; width: 100px;\"><\/div>\n<div style=\"background-color: #f4f4f4; border-radius: 4px; flex-grow: 0; height: 14px; width: 60px;\"><\/div>\n<\/div>\n<\/div>\n<div style=\"padding: 19% 0;\"><\/div>\n<div style=\"display: block; height: 50px; margin: 0 auto 12px; width: 50px;\"><\/div>\n<div style=\"padding-top: 8px;\">\n<div style=\"color: #3897f0; font-family: Arial,sans-serif; font-size: 14px; font-style: normal; font-weight: 550; line-height: 18px;\">Ver esta publicaci\u00f3n en Instagram<\/div>\n<\/div>\n<div style=\"padding: 12.5% 0;\"><\/div>\n<div style=\"display: flex; flex-direction: row; margin-bottom: 14px; align-items: center;\">\n<div>\n<div style=\"background-color: #f4f4f4; border-radius: 50%; height: 12.5px; width: 12.5px; transform: translateX(0px) translateY(7px);\"><\/div>\n<div style=\"background-color: #f4f4f4; height: 12.5px; transform: rotate(-45deg) translateX(3px) translateY(1px); width: 12.5px; flex-grow: 0; margin-right: 14px; margin-left: 2px;\"><\/div>\n<div style=\"background-color: #f4f4f4; border-radius: 50%; height: 12.5px; width: 12.5px; transform: translateX(9px) translateY(-18px);\"><\/div>\n<\/div>\n<div style=\"margin-left: 8px;\">\n<div style=\"background-color: #f4f4f4; border-radius: 50%; flex-grow: 0; height: 20px; width: 20px;\"><\/div>\n<div style=\"width: 0; height: 0; border-top: 2px solid transparent; border-left: 6px solid #f4f4f4; border-bottom: 2px solid transparent; transform: translateX(16px) translateY(-4px) rotate(30deg);\"><\/div>\n<\/div>\n<div style=\"margin-left: auto;\">\n<div style=\"width: 0px; border-top: 8px solid #F4F4F4; border-right: 8px solid transparent; transform: translateY(16px);\"><\/div>\n<div style=\"background-color: #f4f4f4; flex-grow: 0; height: 12px; width: 16px; transform: translateY(-4px);\"><\/div>\n<div style=\"width: 0; height: 0; border-top: 8px solid #F4F4F4; border-left: 8px solid transparent; transform: translateY(-4px) translateX(8px);\"><\/div>\n<\/div>\n<\/div>\n<div style=\"display: flex; flex-direction: column; flex-grow: 1; justify-content: center; margin-bottom: 24px;\">\n<div style=\"background-color: #f4f4f4; border-radius: 4px; flex-grow: 0; height: 14px; margin-bottom: 6px; width: 224px;\"><\/div>\n<div style=\"background-color: #f4f4f4; border-radius: 4px; flex-grow: 0; height: 14px; width: 144px;\"><\/div>\n<\/div>\n<p>&nbsp;<\/p>\n<p style=\"color: #c9c8cd; font-family: Arial,sans-serif; font-size: 14px; line-height: 17px; margin-bottom: 0; margin-top: 8px; overflow: hidden; padding: 8px 0 7px; text-align: center; text-overflow: ellipsis; white-space: nowrap;\"><a style=\"color: #c9c8cd; font-family: Arial,sans-serif; font-size: 14px; font-style: normal; font-weight: normal; line-height: 17px; text-decoration: none;\" href=\"https:\/\/www.instagram.com\/reel\/Cv3PjGqgHCo\/?utm_source=ig_embed&amp;utm_campaign=loading\" target=\"_blank\" rel=\"noopener\">Una publicaci\u00f3n compartida de Central de Deportes Olavarr\u00eda (@centraldeportesolav)<\/a><\/p>\n<\/div>\n<\/blockquote>\n<p><script async src=\"\/\/www.instagram.com\/embed.js\"><\/script><\/p>\n<h6><\/h6>\n<h6><strong>Resultados:<\/strong><\/h6>\n<p>&nbsp;<\/p>\n<h6><strong>En D\u00e9cima<\/strong>:<\/h6>\n<p>Racing <strong>0 \u2013 2<\/strong> Ferro<\/p>\n<p>El Fort\u00edn <strong>3 \u2013 0<\/strong> San Mart\u00edn<\/p>\n<p>Embajadores<strong> 1 \u2013 1<\/strong> Loma Negra<\/p>\n<p>Hinojo <strong>0 \u2013 0<\/strong> Municipales<\/p>\n<p>&nbsp;<\/p>\n<p><img data-recalc-dims=\"1\" loading=\"lazy\" decoding=\"async\" class=\"aligncenter size-full wp-image-40037\" src=\"https:\/\/i0.wp.com\/centraldeportes.com.ar\/wp-content\/uploads\/2023\/08\/Posiciones-D%C3%A9cima-1%C2%B0-fecha-Clausura.png?resize=787%2C491\" alt=\"\" width=\"787\" height=\"491\" \/><\/p>\n<p>&nbsp;<\/p>\n<h6><strong>En Novena<\/strong>:<\/h6>\n<p>Racing <strong>1 \u2013 2<\/strong> Ferro<\/p>\n<p>El Fort\u00edn <strong>3 \u2013 0<\/strong> San Mart\u00edn<\/p>\n<p>Embajadores <strong>3 \u2013 0<\/strong> Loma Negra<\/p>\n<p>&nbsp;<\/p>\n<p><img data-recalc-dims=\"1\" loading=\"lazy\" decoding=\"async\" class=\"aligncenter size-full wp-image-40038\" src=\"https:\/\/i0.wp.com\/centraldeportes.com.ar\/wp-content\/uploads\/2023\/08\/Posiciones-Novena-1%C2%B0-fecha-Clausura.png?resize=784%2C408\" alt=\"\" width=\"784\" height=\"408\" \/><\/p>\n<p>&nbsp;<\/p>\n<h6><strong>En Octava<\/strong>:<\/h6>\n<p>Racing <strong>1 \u2013 0<\/strong> Ferro<\/p>\n<p>El Fort\u00edn <strong>0 \u2013 0<\/strong> San Mart\u00edn<\/p>\n<p>Embajadores <strong>1 \u2013 2<\/strong> Loma Negra<\/p>\n<p>Hinojo<strong> 1 \u2013 0<\/strong> Municipales<\/p>\n<p>Colonias y Cerros <strong>1 \u2013 4<\/strong> Sierra Chica<\/p>\n<p>&nbsp;<\/p>\n<p><img data-recalc-dims=\"1\" loading=\"lazy\" decoding=\"async\" class=\"aligncenter size-full wp-image-40039\" src=\"https:\/\/i0.wp.com\/centraldeportes.com.ar\/wp-content\/uploads\/2023\/08\/Posiciones-Octava-1%C2%B0-fecha-Clausura.png?resize=786%2C572\" alt=\"\" width=\"786\" height=\"572\" \/><\/p>\n<p>&nbsp;<\/p>\n<h6><strong>En S\u00e9ptima:<\/strong><\/h6>\n<p>Ferro <strong>1 \u2013 0<\/strong> Racing<\/p>\n<p>El Fort\u00edn <strong>2 \u2013 1<\/strong> San Mart\u00edn<\/p>\n<p>Loma Negra<strong> 1 \u2013 2<\/strong> Embajadores<\/p>\n<p>Hinojo <strong>1 \u2013 0<\/strong> Municipales<\/p>\n<p>&nbsp;<\/p>\n<p><img data-recalc-dims=\"1\" loading=\"lazy\" decoding=\"async\" class=\"aligncenter size-full wp-image-40041\" src=\"https:\/\/i0.wp.com\/centraldeportes.com.ar\/wp-content\/uploads\/2023\/08\/Posiciones-S%C3%A9ptima-1%C2%B0-fecha-Clausura.png?resize=784%2C488\" alt=\"\" width=\"784\" height=\"488\" \/><\/p>\n<p>&nbsp;<\/p>\n<h6><strong>En Sexta:<\/strong><\/h6>\n<p>Ferro <strong>0 \u2013 3<\/strong> Racing<\/p>\n<p>El Fort\u00edn <strong>3 \u2013 3<\/strong> San Mart\u00edn<\/p>\n<p>Loma Negra <strong>0 \u2013 0<\/strong> Embajadores<\/p>\n<p>Colonias y Cerros <strong>0 \u2013 7<\/strong> Sierra Chica<\/p>\n<p>&nbsp;<\/p>\n<p><img data-recalc-dims=\"1\" loading=\"lazy\" decoding=\"async\" class=\"aligncenter size-full wp-image-40042\" src=\"https:\/\/i0.wp.com\/centraldeportes.com.ar\/wp-content\/uploads\/2023\/08\/Posiciones-Sexta-1%C2%B0-fecha-Clausura.png?resize=789%2C531\" alt=\"\" width=\"789\" height=\"531\" \/><\/p>\n<p>&nbsp;<\/p>\n<h6><strong>En Quinta:<\/strong><\/h6>\n<p>Ferro <strong>1 \u2013 1<\/strong> Racing<\/p>\n<p>Loma Negra <strong>0 \u2013 8<\/strong> Embajadores<\/p>\n<p>Hinojo <strong>1 \u2013 0<\/strong> Municipales<\/p>\n<p>&nbsp;<\/p>\n<p><img data-recalc-dims=\"1\" loading=\"lazy\" decoding=\"async\" class=\"aligncenter size-full wp-image-40040\" src=\"https:\/\/i0.wp.com\/centraldeportes.com.ar\/wp-content\/uploads\/2023\/08\/Posiciones-Quinta-1%C2%B0-fecha-Clausura.png?resize=785%2C488\" alt=\"\" width=\"785\" height=\"488\" \/><\/p>\n","protected":false},"excerpt":{"rendered":"<p>Este s\u00e1bado, el f\u00fatbol menor olavarriense dio el puntapi\u00e9 inicial en distintos escenarios de la ciudad y jug\u00f3 gran parte<\/p>\n","protected":false},"author":96739694,"featured_media":156904,"comment_status":"closed","ping_status":"closed","sticky":false,"template":"","format":"standard","meta":{"_jetpack_memberships_contains_paid_content":false,"footnotes":""},"categories":[35,40,1],"tags":[],"class_list":["post-137316","post","type-post","status-publish","format-standard","has-post-thumbnail","hentry","category-futbol","category-inferiores","category-portada"],"jetpack_featured_media_url":"https:\/\/i0.wp.com\/cdnoticias.com\/wp-content\/uploads\/2023\/08\/inf-lfo-10.jpeg?fit=1280%2C853&ssl=1","jetpack_sharing_enabled":true,"_links":{"self":[{"href":"https:\/\/cdnoticias.com\/index.php\/wp-json\/wp\/v2\/posts\/137316","targetHints":{"allow":["GET"]}}],"collection":[{"href":"https:\/\/cdnoticias.com\/index.php\/wp-json\/wp\/v2\/posts"}],"about":[{"href":"https:\/\/cdnoticias.com\/index.php\/wp-json\/wp\/v2\/types\/post"}],"author":[{"embeddable":true,"href":"https:\/\/cdnoticias.com\/index.php\/wp-json\/wp\/v2\/users\/96739694"}],"replies":[{"embeddable":true,"href":"https:\/\/cdnoticias.com\/index.php\/wp-json\/wp\/v2\/comments?post=137316"}],"version-history":[{"count":0,"href":"https:\/\/cdnoticias.com\/index.php\/wp-json\/wp\/v2\/posts\/137316\/revisions"}],"wp:featuredmedia":[{"embeddable":true,"href":"https:\/\/cdnoticias.com\/index.php\/wp-json\/wp\/v2\/media\/156904"}],"wp:attachment":[{"href":"https:\/\/cdnoticias.com\/index.php\/wp-json\/wp\/v2\/media?parent=137316"}],"wp:term":[{"taxonomy":"category","embeddable":true,"href":"https:\/\/cdnoticias.com\/index.php\/wp-json\/wp\/v2\/categories?post=137316"},{"taxonomy":"post_tag","embeddable":true,"href":"https:\/\/cdnoticias.com\/index.php\/wp-json\/wp\/v2\/tags?post=137316"}],"curies":[{"name":"wp","href":"https:\/\/api.w.org\/{rel}","templated":true}]}}