{"id":137312,"date":"2023-08-12T15:06:49","date_gmt":"2023-08-12T18:06:49","guid":{"rendered":"http:\/\/centraldeportes.com.ar\/?p=40010"},"modified":"2025-02-11T20:55:56","modified_gmt":"2025-02-11T23:55:56","slug":"azul-recibio-la-4-fecha-del-gran-prix-de-mar-y-sierras","status":"publish","type":"post","link":"https:\/\/cdnoticias.com\/index.php\/2023\/08\/12\/azul-recibio-la-4-fecha-del-gran-prix-de-mar-y-sierras\/","title":{"rendered":"Azul recibi\u00f3 la 4\u00b0 fecha del \u201cGran Prix de Mar y Sierras\u201d"},"content":{"rendered":"<p>En instalaciones de Cesuar se llev\u00f3 a cabo el pasado domingo la cuarta fecha del torneo regional de ajedrez &#8220;Prix Mar y Sierras&#8221;.<!--more--><\/p>\n<hr \/>\n<p>De la actividad participaron ajedrecistas provenientes de Olavarr\u00eda, Necochea, Pinamar, Tandil, Rauch, Bol\u00edvar, Chacabuco y Sierras Bayas, adem\u00e1s de chillarenses y azule\u00f1os. En total hubo 73 competidores de diferentes edades.<\/p>\n<p>&nbsp;<\/p>\n<p>Al final de la competencia, se entregaron trofeos a los 3 primeros de cada categor\u00eda y reconocimientos hasta el 5\u00b0 lugar de las mismas, aunque tambi\u00e9n se premi\u00f3 a los mejores locales y a las mejores damas de cada categor\u00eda y todos los ni\u00f1os de las categor\u00edas Sub-8, Sub-10 y Sub-12 recibieron presentes por su participaci\u00f3n.<\/p>\n<p>&nbsp;<\/p>\n<p>La fecha se disput\u00f3 a seis rondas con un tiempo de 12 minutos m\u00e1s 3 segundos de incremento por jugada y cont\u00f3 con la direcci\u00f3n del profesor Gustavo Godoy y el arbitraje de Guillermo Walder y el profesor Hern\u00e1n Ponce junto a colaboradores<\/p>\n<p>&nbsp;<\/p>\n<p>Las principales posiciones fueron las siguientes:<\/p>\n<p>Sub8 (jugaron junto a sub10, 22 jugadores): 1\u00b0 Gino Caverlotti de Bol\u00edvar, 2\u00b0 Agust\u00edn Barbosa de Azul (igualado en puntos con el primero, qued\u00f3 segundo por sistema de desempate). Mejor Dama: Franca Gonz\u00e1lez de Olavarr\u00eda.<\/p>\n<p>Sub 10: 1\u00b0 Bautista Cayo de Pinamar con 6 puntos sobre 6, 2\u00aa Eva Yah\u00eda de Olavarr\u00eda y 3\u00b0 Juli\u00e1n Vilaseca de Mercantil Jun\u00edn.<\/p>\n<p>Sub12 (23 jugadores, jugaron junto sub14): 1\u00b0 Zen\u00f3n Recci de Azul, 2\u00b0 Felipe Aciar de Rauch y 4\u00aa Jazm\u00edn Figueroa de Azul.<\/p>\n<p>Sub14: 1\u00b0 Bartolom\u00e9 Castronuovo de Azul con 5,5 puntos sobre 6, 2\u00b0 Donato Iribarren de Chillar-Azul, 3\u00b0 Nicol\u00e1s Carmona de Rauch.<\/p>\n<p>Sub16 (28 jugadores, jugaron junto a sub18,mayores y libres): 1\u00aa Morena Gisler de Sierras Bayas, 2\u00b0 Thiago Herreras de Chacabuco, 3\u00b0 Mat\u00edas Garc\u00eda de Azul<\/p>\n<p>Sub 18: 1\u00ba Luciano Laborde de Azul.<\/p>\n<p>Senior: 1\u00b0 N\u00e9stor Bertucci de Tandil<\/p>\n<p>Libres: 1\u00b0 Gonzalo Varzilio de Azul con 6 puntos sobre 6, 2\u00b0 Ra\u00fal Lucero de Tandil y 3\u00b0 Gast\u00f3n Presa de Tandil. Mejor dama: Felicitas Orsatti de Olavarr\u00eda.<\/p>\n<p>&nbsp;<\/p>\n<p>Por \u00faltimo, se inform\u00f3 que la pr\u00f3xima fecha del Prix Mar y Sierras se desarrollar\u00e1 el 24 de septiembre en Rauch.<\/p>\n","protected":false},"excerpt":{"rendered":"<p>En instalaciones de Cesuar se llev\u00f3 a cabo el pasado domingo la cuarta fecha del torneo regional de ajedrez &#8220;Prix<\/p>\n","protected":false},"author":96739694,"featured_media":156781,"comment_status":"closed","ping_status":"closed","sticky":false,"template":"","format":"standard","meta":{"_jetpack_memberships_contains_paid_content":false,"footnotes":""},"categories":[30,1],"tags":[],"class_list":["post-137312","post","type-post","status-publish","format-standard","has-post-thumbnail","hentry","category-polideportivo","category-portada"],"jetpack_featured_media_url":"https:\/\/i0.wp.com\/cdnoticias.com\/wp-content\/uploads\/2023\/08\/62-777x437.jpeg?fit=777%2C437&ssl=1","jetpack_sharing_enabled":true,"_links":{"self":[{"href":"https:\/\/cdnoticias.com\/index.php\/wp-json\/wp\/v2\/posts\/137312","targetHints":{"allow":["GET"]}}],"collection":[{"href":"https:\/\/cdnoticias.com\/index.php\/wp-json\/wp\/v2\/posts"}],"about":[{"href":"https:\/\/cdnoticias.com\/index.php\/wp-json\/wp\/v2\/types\/post"}],"author":[{"embeddable":true,"href":"https:\/\/cdnoticias.com\/index.php\/wp-json\/wp\/v2\/users\/96739694"}],"replies":[{"embeddable":true,"href":"https:\/\/cdnoticias.com\/index.php\/wp-json\/wp\/v2\/comments?post=137312"}],"version-history":[{"count":0,"href":"https:\/\/cdnoticias.com\/index.php\/wp-json\/wp\/v2\/posts\/137312\/revisions"}],"wp:featuredmedia":[{"embeddable":true,"href":"https:\/\/cdnoticias.com\/index.php\/wp-json\/wp\/v2\/media\/156781"}],"wp:attachment":[{"href":"https:\/\/cdnoticias.com\/index.php\/wp-json\/wp\/v2\/media?parent=137312"}],"wp:term":[{"taxonomy":"category","embeddable":true,"href":"https:\/\/cdnoticias.com\/index.php\/wp-json\/wp\/v2\/categories?post=137312"},{"taxonomy":"post_tag","embeddable":true,"href":"https:\/\/cdnoticias.com\/index.php\/wp-json\/wp\/v2\/tags?post=137312"}],"curies":[{"name":"wp","href":"https:\/\/api.w.org\/{rel}","templated":true}]}}