{"id":137310,"date":"2023-08-12T12:59:58","date_gmt":"2023-08-12T15:59:58","guid":{"rendered":"http:\/\/centraldeportes.com.ar\/?p=40002"},"modified":"2025-02-11T20:55:59","modified_gmt":"2025-02-11T23:55:59","slug":"el-fortin-compitio-en-la-etapa-regional-de-la-copa-buenos-aires","status":"publish","type":"post","link":"https:\/\/cdnoticias.com\/index.php\/2023\/08\/12\/el-fortin-compitio-en-la-etapa-regional-de-la-copa-buenos-aires\/","title":{"rendered":"El Fort\u00edn compiti\u00f3 en la etapa regional de la Copa Buenos Aires"},"content":{"rendered":"<p>Fue en dos categor\u00edas de Inferiores. La Sub 14 contin\u00faa en competencia, mientras que la Sub 16 qued\u00f3 eliminado en los penales.<!--more--><\/p>\n<hr \/>\n<p>El pasado mi\u00e9rcoles, en la cancha sint\u00e9tica del Club Embajadores, dos categor\u00edas juveniles de <strong>El Fort\u00edn<\/strong> formaron parte de la etapa regional de la <strong>Copa Buenos Aires<\/strong>.<\/p>\n<p>&nbsp;<\/p>\n<p>Por un lado, en <strong>Sub 14<\/strong> (2009 \u2013 2010), el elenco \u201cFortinero\u201d derrot\u00f3 <strong>3 a 0<\/strong> al representativo de Presidente Per\u00f3n con goles de <strong>Ledesma<\/strong>, <strong>Vivas<\/strong> y uno ol\u00edmpico de <strong>Salazar<\/strong>.<\/p>\n<p>&nbsp;<\/p>\n<p>En cuanto a la <strong>Sub 16<\/strong> (2007 \u2013 2008), <strong>qued\u00f3 eliminado en la tanda de penales<\/strong> tras igualar 1 a 1 con Lobos. <strong>Lautaro M\u00edguez<\/strong> convirti\u00f3 el tanto en el conjunto olavarriense.<\/p>\n<p>&nbsp;<\/p>\n<p>Ante los resultados, la menor de las categor\u00edas de El Fort\u00edn se mantiene en competencia y volver\u00e1 a jugar a fin de mes en el Predio de AFA. El vencedor de tal instancia ser\u00e1 luego el representante provincial que estar\u00e1 participando en la etapa nacional.<\/p>\n<p>&nbsp;<\/p>\n<p><em><strong>Fuente: Club Social y Deportivo El Fort\u00edn.<\/strong><\/em><\/p>\n","protected":false},"excerpt":{"rendered":"<p>Fue en dos categor\u00edas de Inferiores. La Sub 14 contin\u00faa en competencia, mientras que la Sub 16 qued\u00f3 eliminado en<\/p>\n","protected":false},"author":96739694,"featured_media":156785,"comment_status":"closed","ping_status":"closed","sticky":false,"template":"","format":"standard","meta":{"_jetpack_memberships_contains_paid_content":false,"footnotes":""},"categories":[35,40,1],"tags":[],"class_list":["post-137310","post","type-post","status-publish","format-standard","has-post-thumbnail","hentry","category-futbol","category-inferiores","category-portada"],"jetpack_featured_media_url":"https:\/\/i0.wp.com\/cdnoticias.com\/wp-content\/uploads\/2023\/08\/El-Fort%C3%ADn-Copa-Buenos-Aires-e1691855965493.jpeg?fit=1356%2C718&ssl=1","jetpack_sharing_enabled":true,"_links":{"self":[{"href":"https:\/\/cdnoticias.com\/index.php\/wp-json\/wp\/v2\/posts\/137310","targetHints":{"allow":["GET"]}}],"collection":[{"href":"https:\/\/cdnoticias.com\/index.php\/wp-json\/wp\/v2\/posts"}],"about":[{"href":"https:\/\/cdnoticias.com\/index.php\/wp-json\/wp\/v2\/types\/post"}],"author":[{"embeddable":true,"href":"https:\/\/cdnoticias.com\/index.php\/wp-json\/wp\/v2\/users\/96739694"}],"replies":[{"embeddable":true,"href":"https:\/\/cdnoticias.com\/index.php\/wp-json\/wp\/v2\/comments?post=137310"}],"version-history":[{"count":0,"href":"https:\/\/cdnoticias.com\/index.php\/wp-json\/wp\/v2\/posts\/137310\/revisions"}],"wp:featuredmedia":[{"embeddable":true,"href":"https:\/\/cdnoticias.com\/index.php\/wp-json\/wp\/v2\/media\/156785"}],"wp:attachment":[{"href":"https:\/\/cdnoticias.com\/index.php\/wp-json\/wp\/v2\/media?parent=137310"}],"wp:term":[{"taxonomy":"category","embeddable":true,"href":"https:\/\/cdnoticias.com\/index.php\/wp-json\/wp\/v2\/categories?post=137310"},{"taxonomy":"post_tag","embeddable":true,"href":"https:\/\/cdnoticias.com\/index.php\/wp-json\/wp\/v2\/tags?post=137310"}],"curies":[{"name":"wp","href":"https:\/\/api.w.org\/{rel}","templated":true}]}}